{"id":41563,"date":"2024-09-19T16:20:58","date_gmt":"2024-09-19T14:20:58","guid":{"rendered":"http:\/\/przedszkolerodzinne.pl\/?p=41563"},"modified":"2024-12-08T19:06:22","modified_gmt":"2024-12-08T18:06:22","slug":"podreczniki","status":"publish","type":"post","link":"http:\/\/przedszkolerodzinne.pl\/?p=41563","title":{"rendered":"PODR\u0118CZNIKI"},"content":{"rendered":"\n<p>PODR\u0118CZNIKI<\/p>\n\n\n\n<p>W ROKU SZKOLNYM<\/p>\n\n\n\n<p>2024\/2025<\/p>\n\n\n\n<p><em><strong>Wydawnictwo MAC:<\/strong><\/em><\/p>\n\n\n\n<p>rocznik 2018 (Zer\u00f3wka) box Nasza Bajka B+<\/p>\n\n\n\n<p>rocznik 2019 box Nasza Bajka B<\/p>\n\n\n\n<p>rocznik 2020-2021 box Super Smyki A+<\/p>\n\n\n\n<p>Op\u0142ata za podr\u0119czniki \u2013 wy\u0142\u0105cznie got\u00f3wk\u0105!<\/p>\n\n\n\n<p><em>Wychowawczynie z Oddzia\u0142\u00f3w<\/em><\/p>\n\n\n\n<p><em>Baby Beetles oraz Tom and Keri<\/em><\/p>\n","protected":false},"excerpt":{"rendered":"<p>PODR\u0118CZNIKI W ROKU SZKOLNYM 2024\/2025 Wydawnictwo MAC: rocznik 2018 (Zer\u00f3wka) box Nasza Bajka B+ rocznik 2019 box Nasza Bajka B rocznik 2020-2021 box Super Smyki A+ Op\u0142ata za podr\u0119czniki \u2013 wy\u0142\u0105cznie got\u00f3wk\u0105! Wychowawczynie z Oddzia\u0142\u00f3w Baby Beetles oraz Tom and &hellip; <a href=\"http:\/\/przedszkolerodzinne.pl\/?p=41563\">Czytaj dalej <span class=\"meta-nav\">&rarr;<\/span><\/a><\/p>\n","protected":false},"author":1,"featured_media":0,"comment_status":"closed","ping_status":"closed","sticky":false,"template":"","format":"aside","meta":{"footnotes":""},"categories":[1],"tags":[],"class_list":["post-41563","post","type-post","status-publish","format-aside","hentry","category-nowosci","post_format-post-format-aside"],"_links":{"self":[{"href":"http:\/\/przedszkolerodzinne.pl\/index.php?rest_route=\/wp\/v2\/posts\/41563","targetHints":{"allow":["GET"]}}],"collection":[{"href":"http:\/\/przedszkolerodzinne.pl\/index.php?rest_route=\/wp\/v2\/posts"}],"about":[{"href":"http:\/\/przedszkolerodzinne.pl\/index.php?rest_route=\/wp\/v2\/types\/post"}],"author":[{"embeddable":true,"href":"http:\/\/przedszkolerodzinne.pl\/index.php?rest_route=\/wp\/v2\/users\/1"}],"replies":[{"embeddable":true,"href":"http:\/\/przedszkolerodzinne.pl\/index.php?rest_route=%2Fwp%2Fv2%2Fcomments&post=41563"}],"version-history":[{"count":2,"href":"http:\/\/przedszkolerodzinne.pl\/index.php?rest_route=\/wp\/v2\/posts\/41563\/revisions"}],"predecessor-version":[{"id":41573,"href":"http:\/\/przedszkolerodzinne.pl\/index.php?rest_route=\/wp\/v2\/posts\/41563\/revisions\/41573"}],"wp:attachment":[{"href":"http:\/\/przedszkolerodzinne.pl\/index.php?rest_route=%2Fwp%2Fv2%2Fmedia&parent=41563"}],"wp:term":[{"taxonomy":"category","embeddable":true,"href":"http:\/\/przedszkolerodzinne.pl\/index.php?rest_route=%2Fwp%2Fv2%2Fcategories&post=41563"},{"taxonomy":"post_tag","embeddable":true,"href":"http:\/\/przedszkolerodzinne.pl\/index.php?rest_route=%2Fwp%2Fv2%2Ftags&post=41563"}],"curies":[{"name":"wp","href":"https:\/\/api.w.org\/{rel}","templated":true}]}}