{"id":41539,"date":"2025-05-10T12:00:00","date_gmt":"2025-05-10T10:00:00","guid":{"rendered":"http:\/\/przedszkolerodzinne.pl\/?p=41539"},"modified":"2025-05-14T11:23:40","modified_gmt":"2025-05-14T09:23:40","slug":"dzien-matki-2024","status":"publish","type":"post","link":"http:\/\/przedszkolerodzinne.pl\/?p=41539","title":{"rendered":"Dzie\u0144 matki 2025"},"content":{"rendered":"\n<p class=\"has-text-align-center\">22 i 23 maja 2025 r.\u00a0w Naszym Przedszkolu odb\u0119d\u0105 si\u0119\u00a0uroczysto\u015bci\u00a0z okazji\u00a0Dnia Mamy.<\/p>\n\n\n\n<p class=\"has-text-align-center\"><span style=\"background-color:rgba(0, 0, 0, 0);color:#ec0947\" class=\"has-inline-color\">Dzieci przygotowa\u0142y wyj\u0105tkowy program artystyczny, kt\u00f3ry zaprezentuj\u0105 swoim mamom, a po wyst\u0119pach zaplanowano wsp\u00f3lne warsztaty plastyczne:<br><\/span><\/p>\n\n\n\n<p class=\"has-text-align-center\"><span style=\"background-color:rgba(0, 0, 0, 0);color:#ec0947\" class=\"has-inline-color\"><span style=\"background-color:rgba(0, 0, 0, 0);color:#ec0947\" class=\"has-inline-color\">-dzieci z oddzia\u0142u\u00a0<strong>&#8222;Baby Beetles&#8221;<\/strong>\u00a0<strong>22.05.2025 r. o godz. 13:00<\/strong>.<\/span><\/span><\/p>\n\n\n\n<p class=\"has-text-align-center\"><span style=\"background-color:rgba(0, 0, 0, 0);color:#ec0947\" class=\"has-inline-color\">-dzieci z oddzia\u0142\u00f3w\u00a0 <strong>&#8222;TOM and KERI&#8221;<\/strong> oraz <strong>&#8222;Little School&#8221;<\/strong>\u00a0<strong>23.05.2025 r. o godz. 13:00<\/strong>.<br><\/span><\/p>\n\n\n\n<p class=\"has-text-align-center\"><span style=\"background-color:rgba(0, 0, 0, 0);color:#f2073b\" class=\"has-inline-color\"><strong>ZAPRASZAMY !<\/strong><\/span><\/p>\n","protected":false},"excerpt":{"rendered":"<p>22 i 23 maja 2025 r.\u00a0w Naszym Przedszkolu odb\u0119d\u0105 si\u0119\u00a0uroczysto\u015bci\u00a0z okazji\u00a0Dnia Mamy. Dzieci przygotowa\u0142y wyj\u0105tkowy program artystyczny, kt\u00f3ry zaprezentuj\u0105 swoim mamom, a po wyst\u0119pach zaplanowano wsp\u00f3lne warsztaty plastyczne: -dzieci z oddzia\u0142u\u00a0&#8222;Baby Beetles&#8221;\u00a022.05.2025 r. o godz. 13:00. -dzieci z oddzia\u0142\u00f3w\u00a0 &#8222;TOM &hellip; <a href=\"http:\/\/przedszkolerodzinne.pl\/?p=41539\">Czytaj dalej <span class=\"meta-nav\">&rarr;<\/span><\/a><\/p>\n","protected":false},"author":1,"featured_media":0,"comment_status":"closed","ping_status":"closed","sticky":false,"template":"","format":"aside","meta":{"footnotes":""},"categories":[1],"tags":[],"class_list":["post-41539","post","type-post","status-publish","format-aside","hentry","category-nowosci","post_format-post-format-aside"],"_links":{"self":[{"href":"http:\/\/przedszkolerodzinne.pl\/index.php?rest_route=\/wp\/v2\/posts\/41539","targetHints":{"allow":["GET"]}}],"collection":[{"href":"http:\/\/przedszkolerodzinne.pl\/index.php?rest_route=\/wp\/v2\/posts"}],"about":[{"href":"http:\/\/przedszkolerodzinne.pl\/index.php?rest_route=\/wp\/v2\/types\/post"}],"author":[{"embeddable":true,"href":"http:\/\/przedszkolerodzinne.pl\/index.php?rest_route=\/wp\/v2\/users\/1"}],"replies":[{"embeddable":true,"href":"http:\/\/przedszkolerodzinne.pl\/index.php?rest_route=%2Fwp%2Fv2%2Fcomments&post=41539"}],"version-history":[{"count":6,"href":"http:\/\/przedszkolerodzinne.pl\/index.php?rest_route=\/wp\/v2\/posts\/41539\/revisions"}],"predecessor-version":[{"id":41598,"href":"http:\/\/przedszkolerodzinne.pl\/index.php?rest_route=\/wp\/v2\/posts\/41539\/revisions\/41598"}],"wp:attachment":[{"href":"http:\/\/przedszkolerodzinne.pl\/index.php?rest_route=%2Fwp%2Fv2%2Fmedia&parent=41539"}],"wp:term":[{"taxonomy":"category","embeddable":true,"href":"http:\/\/przedszkolerodzinne.pl\/index.php?rest_route=%2Fwp%2Fv2%2Fcategories&post=41539"},{"taxonomy":"post_tag","embeddable":true,"href":"http:\/\/przedszkolerodzinne.pl\/index.php?rest_route=%2Fwp%2Fv2%2Ftags&post=41539"}],"curies":[{"name":"wp","href":"https:\/\/api.w.org\/{rel}","templated":true}]}}