{"id":41520,"date":"2024-01-31T15:04:54","date_gmt":"2024-01-31T14:04:54","guid":{"rendered":"http:\/\/przedszkolerodzinne.pl\/?p=41520"},"modified":"2024-02-06T15:09:50","modified_gmt":"2024-02-06T14:09:50","slug":"41520","status":"publish","type":"post","link":"http:\/\/przedszkolerodzinne.pl\/?p=41520","title":{"rendered":""},"content":{"rendered":"\n<p class=\"has-text-align-center has-text-color\" style=\"color:#079804\"><strong>Uprzejmie informujemy, \u017ce w Przedszkolu w roku szkolnym 2023\/2024 zaplanowano przerw\u0119 wakacyjn\u0105:<\/strong><\/p>\n\n\n\n<p class=\"has-text-align-center has-text-color\" style=\"color:#2808dc\"><strong>15.07.-16.08.2024 r.<\/strong><\/p>\n\n\n\n<p class=\"has-text-align-center has-text-color\" style=\"color:#da0606\"><strong>Przedszkole b\u0119dzie tak\u017ce zamkni\u0119te<\/strong>:<\/p>\n\n\n\n<p class=\"has-text-align-center has-blue-color has-text-color\"><strong>01.04.2024 r. (poniedzia\u0142ek)<\/strong><\/p>\n\n\n\n<p class=\"has-text-align-center has-text-color\" style=\"color:#e09b08\"><strong>01-03.05.2024 r. (\u015broda, czwartek, pi\u0105tek)<\/strong><\/p>\n\n\n\n<p class=\"has-text-align-center has-text-color\" style=\"color:#9d05ea\"><strong>30-31.05.2024 r. (czwartek, pi\u0105tek)<\/strong><\/p>\n\n\n\n<p class=\"has-text-align-center has-text-color\" style=\"color:#d60253\"><\/p>\n\n\n<div class=\"wp-block-image\">\n<figure class=\"aligncenter\"><img loading=\"lazy\" decoding=\"async\" width=\"993\" height=\"662\" src=\"http:\/\/przedszkolerodzinne.pl\/wp-content\/uploads\/2016\/01\/dzieciaki-na-pla\u017cy.jpg\" alt=\"\" class=\"wp-image-7436\" srcset=\"http:\/\/przedszkolerodzinne.pl\/wp-content\/uploads\/2016\/01\/dzieciaki-na-pla\u017cy.jpg 993w, http:\/\/przedszkolerodzinne.pl\/wp-content\/uploads\/2016\/01\/dzieciaki-na-pla\u017cy-300x200.jpg 300w, http:\/\/przedszkolerodzinne.pl\/wp-content\/uploads\/2016\/01\/dzieciaki-na-pla\u017cy-450x300.jpg 450w\" sizes=\"auto, (max-width: 993px) 100vw, 993px\" \/><\/figure>\n<\/div>\n\n\n<p class=\"has-text-align-center\">Adres pocztowy na&nbsp;<strong>poczt\u00f3wki z wakacji<\/strong>:<\/p>\n\n\n\n<p class=\"has-text-align-center\"><em>Niepubliczne Przedszkole Rodzinne<\/em><br><em>ul. Blokowa 4 lok.6<\/em><br><em>15-788 Bia\u0142ystok<\/em><br><em>P O L A N D<\/em><\/p>\n","protected":false},"excerpt":{"rendered":"<p>Uprzejmie informujemy, \u017ce w Przedszkolu w roku szkolnym 2023\/2024 zaplanowano przerw\u0119 wakacyjn\u0105: 15.07.-16.08.2024 r. Przedszkole b\u0119dzie tak\u017ce zamkni\u0119te: 01.04.2024 r. (poniedzia\u0142ek) 01-03.05.2024 r. (\u015broda, czwartek, pi\u0105tek) 30-31.05.2024 r. (czwartek, pi\u0105tek) Adres pocztowy na&nbsp;poczt\u00f3wki z wakacji: Niepubliczne Przedszkole Rodzinneul. Blokowa 4 &hellip; <a href=\"http:\/\/przedszkolerodzinne.pl\/?p=41520\">Czytaj dalej <span class=\"meta-nav\">&rarr;<\/span><\/a><\/p>\n","protected":false},"author":1,"featured_media":0,"comment_status":"closed","ping_status":"closed","sticky":false,"template":"","format":"aside","meta":{"footnotes":""},"categories":[1],"tags":[],"class_list":["post-41520","post","type-post","status-publish","format-aside","hentry","category-nowosci","post_format-post-format-aside"],"_links":{"self":[{"href":"http:\/\/przedszkolerodzinne.pl\/index.php?rest_route=\/wp\/v2\/posts\/41520","targetHints":{"allow":["GET"]}}],"collection":[{"href":"http:\/\/przedszkolerodzinne.pl\/index.php?rest_route=\/wp\/v2\/posts"}],"about":[{"href":"http:\/\/przedszkolerodzinne.pl\/index.php?rest_route=\/wp\/v2\/types\/post"}],"author":[{"embeddable":true,"href":"http:\/\/przedszkolerodzinne.pl\/index.php?rest_route=\/wp\/v2\/users\/1"}],"replies":[{"embeddable":true,"href":"http:\/\/przedszkolerodzinne.pl\/index.php?rest_route=%2Fwp%2Fv2%2Fcomments&post=41520"}],"version-history":[{"count":2,"href":"http:\/\/przedszkolerodzinne.pl\/index.php?rest_route=\/wp\/v2\/posts\/41520\/revisions"}],"predecessor-version":[{"id":41522,"href":"http:\/\/przedszkolerodzinne.pl\/index.php?rest_route=\/wp\/v2\/posts\/41520\/revisions\/41522"}],"wp:attachment":[{"href":"http:\/\/przedszkolerodzinne.pl\/index.php?rest_route=%2Fwp%2Fv2%2Fmedia&parent=41520"}],"wp:term":[{"taxonomy":"category","embeddable":true,"href":"http:\/\/przedszkolerodzinne.pl\/index.php?rest_route=%2Fwp%2Fv2%2Fcategories&post=41520"},{"taxonomy":"post_tag","embeddable":true,"href":"http:\/\/przedszkolerodzinne.pl\/index.php?rest_route=%2Fwp%2Fv2%2Ftags&post=41520"}],"curies":[{"name":"wp","href":"https:\/\/api.w.org\/{rel}","templated":true}]}}