{"id":41478,"date":"2023-07-13T15:39:17","date_gmt":"2023-07-13T13:39:17","guid":{"rendered":"http:\/\/przedszkolerodzinne.pl\/?p=41478"},"modified":"2023-07-13T15:39:17","modified_gmt":"2023-07-13T13:39:17","slug":"ubranie-do-prania-przed-przerwa-wakacyjna","status":"publish","type":"post","link":"http:\/\/przedszkolerodzinne.pl\/?p=41478","title":{"rendered":"ubranie do prania przed przerwa wakacyjn\u0105"},"content":{"rendered":"\n<p class=\"has-text-align-center\">Prosimy o zabranie<\/p>\n\n\n\n<p class=\"has-text-align-center\"><strong>ubra\u0144 i obuwia<\/strong><\/p>\n\n\n\n<p class=\"has-text-align-center\">przed przerw\u0105 wakacyjn\u0105<\/p>\n\n\n\n<p class=\"has-text-align-center\">Ostatni dzie\u0144 pracy to 14.07.2023 r. (pi\u0105tek)<\/p>\n","protected":false},"excerpt":{"rendered":"<p>Prosimy o zabranie ubra\u0144 i obuwia przed przerw\u0105 wakacyjn\u0105 Ostatni dzie\u0144 pracy to 14.07.2023 r. (pi\u0105tek)<\/p>\n","protected":false},"author":1,"featured_media":0,"comment_status":"closed","ping_status":"closed","sticky":false,"template":"","format":"aside","meta":{"footnotes":""},"categories":[1],"tags":[],"class_list":["post-41478","post","type-post","status-publish","format-aside","hentry","category-nowosci","post_format-post-format-aside"],"_links":{"self":[{"href":"http:\/\/przedszkolerodzinne.pl\/index.php?rest_route=\/wp\/v2\/posts\/41478","targetHints":{"allow":["GET"]}}],"collection":[{"href":"http:\/\/przedszkolerodzinne.pl\/index.php?rest_route=\/wp\/v2\/posts"}],"about":[{"href":"http:\/\/przedszkolerodzinne.pl\/index.php?rest_route=\/wp\/v2\/types\/post"}],"author":[{"embeddable":true,"href":"http:\/\/przedszkolerodzinne.pl\/index.php?rest_route=\/wp\/v2\/users\/1"}],"replies":[{"embeddable":true,"href":"http:\/\/przedszkolerodzinne.pl\/index.php?rest_route=%2Fwp%2Fv2%2Fcomments&post=41478"}],"version-history":[{"count":1,"href":"http:\/\/przedszkolerodzinne.pl\/index.php?rest_route=\/wp\/v2\/posts\/41478\/revisions"}],"predecessor-version":[{"id":41479,"href":"http:\/\/przedszkolerodzinne.pl\/index.php?rest_route=\/wp\/v2\/posts\/41478\/revisions\/41479"}],"wp:attachment":[{"href":"http:\/\/przedszkolerodzinne.pl\/index.php?rest_route=%2Fwp%2Fv2%2Fmedia&parent=41478"}],"wp:term":[{"taxonomy":"category","embeddable":true,"href":"http:\/\/przedszkolerodzinne.pl\/index.php?rest_route=%2Fwp%2Fv2%2Fcategories&post=41478"},{"taxonomy":"post_tag","embeddable":true,"href":"http:\/\/przedszkolerodzinne.pl\/index.php?rest_route=%2Fwp%2Fv2%2Ftags&post=41478"}],"curies":[{"name":"wp","href":"https:\/\/api.w.org\/{rel}","templated":true}]}}