{"id":41358,"date":"2022-05-30T17:01:04","date_gmt":"2022-05-30T15:01:04","guid":{"rendered":"http:\/\/przedszkolerodzinne.pl\/?p=41358"},"modified":"2022-05-30T17:11:13","modified_gmt":"2022-05-30T15:11:13","slug":"dyzur-placowki","status":"publish","type":"post","link":"http:\/\/przedszkolerodzinne.pl\/?p=41358","title":{"rendered":"dy\u017cur plac\u00f3wki"},"content":{"rendered":"\n<p class=\"has-text-align-center\"><strong>DY\u017bUR PLAC\u00d3WKI W TRAKCIE WAKACJI 2022<\/strong><\/p>\n\n\n\n<ul class=\"wp-block-list\"><li>od 27.06.2022 r. do 15.07.2022 r.<\/li><li>od 16.08.2022 r. do 31.08.2022 r.<\/li><\/ul>\n\n\n\n<p class=\"has-text-align-center\">Godziny otwarcia Przedszkola podczas \u201edy\u017curu wakacyjnego\u201d:<\/p>\n\n\n\n<p class=\"has-text-align-center\"><strong>7:00 \u2013 16:00<\/strong><\/p>\n\n\n\n<p class=\"has-text-align-center\">Prosimy o zg\u0142aszanie do 11.06.2022 r. potrzeby opieki nad dzieckiem podczas dy\u017curu. Lista zapis\u00f3w na dost\u0119pna u nauczycielek.<\/p>\n\n\n\n<p class=\"has-text-align-center\">UKR: <strong>\u041a\u041e\u0420\u0410\u0411\u0415\u041b\u042c \u041e\u0411&#8217;\u0404\u0414\u041d\u0410\u041d\u041d\u042f \u041f\u0406\u0414 \u0427\u0410\u0421 \u0412\u0406\u0414\u041f\u0423\u0421\u041a\u0410 2022<\/strong><\/p>\n\n\n\n<ul class=\"wp-block-list\"><li>\u0437 27.06.2022 \u0440\u043e\u043a\u0443 \u043f\u043e 15.07.2022 \u0440\u043e\u043a\u0443<\/li><li>\u0437 16.08.2022 \u0440\u043e\u043a\u0443 \u043f\u043e 31.08.2022 \u0440\u043e\u043a\u0443<br><\/li><\/ul>\n\n\n\n<p class=\"has-text-align-center\">\u0413\u0440\u0430\u0444\u0456\u043a \u0440\u043e\u0431\u043e\u0442\u0438 \u0434\u0438\u0442\u044f\u0447\u043e\u0433\u043e \u0441\u0430\u0434\u043a\u0430<br>\u043f\u0456\u0434 \u0447\u0430\u0441 \u00ab\u043b\u0456\u0442\u043d\u044c\u043e\u0433\u043e \u0447\u0435\u0440\u0433\u0443\u0432\u0430\u043d\u043d\u044f\u00bb:<br>7:00 &#8211; 16:00<br>\u041f\u0440\u043e\u0441\u0438\u043c\u043e \u043f\u043e\u0432\u0456\u0434\u043e\u043c\u0438\u0442\u0438 \u043f\u0440\u043e \u043d\u0435\u043e\u0431\u0445\u0456\u0434\u043d\u0456\u0441\u0442\u044c \u0434\u043e\u0433\u043b\u044f\u0434\u0443 \u0437\u0430 \u0434\u0438\u0442\u0438\u043d\u043e\u044e \u043f\u0456\u0434 \u0447\u0430\u0441 \u0437\u043c\u0456\u043d\u0438 \u0434\u043e 11<span style=\"font-size: revert;\">.06.<\/span>2022. \u0420\u0435\u0454\u0441\u0442\u0440\u0430\u0446\u0456\u0439\u043d\u0438\u0439 \u0441\u043f\u0438\u0441\u043e\u043a \u0434\u043e\u0441\u0442\u0443\u043f\u043d\u0438\u0439 \u0443 \u0432\u0438\u043a\u043b\u0430\u0434\u0430\u0447\u0456\u0432.<\/p>\n","protected":false},"excerpt":{"rendered":"<p>DY\u017bUR PLAC\u00d3WKI W TRAKCIE WAKACJI 2022 od 27.06.2022 r. do 15.07.2022 r. od 16.08.2022 r. do 31.08.2022 r. Godziny otwarcia Przedszkola podczas \u201edy\u017curu wakacyjnego\u201d: 7:00 \u2013 16:00 Prosimy o zg\u0142aszanie do 11.06.2022 r. potrzeby opieki nad dzieckiem podczas dy\u017curu. Lista &hellip; <a href=\"http:\/\/przedszkolerodzinne.pl\/?p=41358\">Czytaj dalej <span class=\"meta-nav\">&rarr;<\/span><\/a><\/p>\n","protected":false},"author":1,"featured_media":0,"comment_status":"closed","ping_status":"closed","sticky":false,"template":"","format":"aside","meta":{"footnotes":""},"categories":[1],"tags":[],"class_list":["post-41358","post","type-post","status-publish","format-aside","hentry","category-nowosci","post_format-post-format-aside"],"_links":{"self":[{"href":"http:\/\/przedszkolerodzinne.pl\/index.php?rest_route=\/wp\/v2\/posts\/41358","targetHints":{"allow":["GET"]}}],"collection":[{"href":"http:\/\/przedszkolerodzinne.pl\/index.php?rest_route=\/wp\/v2\/posts"}],"about":[{"href":"http:\/\/przedszkolerodzinne.pl\/index.php?rest_route=\/wp\/v2\/types\/post"}],"author":[{"embeddable":true,"href":"http:\/\/przedszkolerodzinne.pl\/index.php?rest_route=\/wp\/v2\/users\/1"}],"replies":[{"embeddable":true,"href":"http:\/\/przedszkolerodzinne.pl\/index.php?rest_route=%2Fwp%2Fv2%2Fcomments&post=41358"}],"version-history":[{"count":3,"href":"http:\/\/przedszkolerodzinne.pl\/index.php?rest_route=\/wp\/v2\/posts\/41358\/revisions"}],"predecessor-version":[{"id":41363,"href":"http:\/\/przedszkolerodzinne.pl\/index.php?rest_route=\/wp\/v2\/posts\/41358\/revisions\/41363"}],"wp:attachment":[{"href":"http:\/\/przedszkolerodzinne.pl\/index.php?rest_route=%2Fwp%2Fv2%2Fmedia&parent=41358"}],"wp:term":[{"taxonomy":"category","embeddable":true,"href":"http:\/\/przedszkolerodzinne.pl\/index.php?rest_route=%2Fwp%2Fv2%2Fcategories&post=41358"},{"taxonomy":"post_tag","embeddable":true,"href":"http:\/\/przedszkolerodzinne.pl\/index.php?rest_route=%2Fwp%2Fv2%2Ftags&post=41358"}],"curies":[{"name":"wp","href":"https:\/\/api.w.org\/{rel}","templated":true}]}}