{"id":37650,"date":"2022-03-20T20:11:55","date_gmt":"2022-03-20T19:11:55","guid":{"rendered":"http:\/\/przedszkolerodzinne.pl\/?p=37650"},"modified":"2022-03-20T20:12:09","modified_gmt":"2022-03-20T19:12:09","slug":"skrocone-godziny-otwarcia","status":"publish","type":"post","link":"http:\/\/przedszkolerodzinne.pl\/?p=37650","title":{"rendered":"skr\u00f3cone godziny otwarcia"},"content":{"rendered":"\n<p><strong>Drodzy Rodzice,<\/strong><\/p>\n\n\n\n<p><strong>z powodu choroby personelu dniach 21-22.03.2022 r. (poniedzia\u0142ek, wtorek) Przedszkole b\u0119dzie czynne w godzinach 6:30-15:00. Prosimy o mo\u017cliwe wczesne odbieranie dzieci z Plac\u00f3wki w tych dniach.<\/strong><\/p>\n\n\n\n<p><strong>Prosimy Pa\u0144stwa o wyrozumia\u0142o\u015b\u0107.<\/strong><\/p>\n\n\n\n<p><strong>Pytania? Kontakt tel.: 695-080-009<\/strong><\/p>\n","protected":false},"excerpt":{"rendered":"<p>Drodzy Rodzice, z powodu choroby personelu dniach 21-22.03.2022 r. (poniedzia\u0142ek, wtorek) Przedszkole b\u0119dzie czynne w godzinach 6:30-15:00. Prosimy o mo\u017cliwe wczesne odbieranie dzieci z Plac\u00f3wki w tych dniach. Prosimy Pa\u0144stwa o wyrozumia\u0142o\u015b\u0107. Pytania? Kontakt tel.: 695-080-009<\/p>\n","protected":false},"author":1,"featured_media":0,"comment_status":"closed","ping_status":"closed","sticky":false,"template":"","format":"aside","meta":{"footnotes":""},"categories":[1],"tags":[],"class_list":["post-37650","post","type-post","status-publish","format-aside","hentry","category-nowosci","post_format-post-format-aside"],"_links":{"self":[{"href":"http:\/\/przedszkolerodzinne.pl\/index.php?rest_route=\/wp\/v2\/posts\/37650","targetHints":{"allow":["GET"]}}],"collection":[{"href":"http:\/\/przedszkolerodzinne.pl\/index.php?rest_route=\/wp\/v2\/posts"}],"about":[{"href":"http:\/\/przedszkolerodzinne.pl\/index.php?rest_route=\/wp\/v2\/types\/post"}],"author":[{"embeddable":true,"href":"http:\/\/przedszkolerodzinne.pl\/index.php?rest_route=\/wp\/v2\/users\/1"}],"replies":[{"embeddable":true,"href":"http:\/\/przedszkolerodzinne.pl\/index.php?rest_route=%2Fwp%2Fv2%2Fcomments&post=37650"}],"version-history":[{"count":1,"href":"http:\/\/przedszkolerodzinne.pl\/index.php?rest_route=\/wp\/v2\/posts\/37650\/revisions"}],"predecessor-version":[{"id":37669,"href":"http:\/\/przedszkolerodzinne.pl\/index.php?rest_route=\/wp\/v2\/posts\/37650\/revisions\/37669"}],"wp:attachment":[{"href":"http:\/\/przedszkolerodzinne.pl\/index.php?rest_route=%2Fwp%2Fv2%2Fmedia&parent=37650"}],"wp:term":[{"taxonomy":"category","embeddable":true,"href":"http:\/\/przedszkolerodzinne.pl\/index.php?rest_route=%2Fwp%2Fv2%2Fcategories&post=37650"},{"taxonomy":"post_tag","embeddable":true,"href":"http:\/\/przedszkolerodzinne.pl\/index.php?rest_route=%2Fwp%2Fv2%2Ftags&post=37650"}],"curies":[{"name":"wp","href":"https:\/\/api.w.org\/{rel}","templated":true}]}}