{"id":36937,"date":"2022-03-13T12:32:27","date_gmt":"2022-03-13T11:32:27","guid":{"rendered":"http:\/\/przedszkolerodzinne.pl\/?p=36937"},"modified":"2022-03-13T12:36:18","modified_gmt":"2022-03-13T11:36:18","slug":"dzieci-z-ukrainy","status":"publish","type":"post","link":"http:\/\/przedszkolerodzinne.pl\/?p=36937","title":{"rendered":"dzieci z Ukrainy"},"content":{"rendered":"\n<figure class=\"wp-block-image size-full\"><a href=\"http:\/\/przedszkolerodzinne.pl\/wp-content\/uploads\/2022\/03\/FLAGA-UKRAINY.jpg\"><img loading=\"lazy\" decoding=\"async\" width=\"967\" height=\"540\" src=\"http:\/\/przedszkolerodzinne.pl\/wp-content\/uploads\/2022\/03\/FLAGA-UKRAINY.jpg\" alt=\"\" class=\"wp-image-36943\" srcset=\"http:\/\/przedszkolerodzinne.pl\/wp-content\/uploads\/2022\/03\/FLAGA-UKRAINY.jpg 967w, http:\/\/przedszkolerodzinne.pl\/wp-content\/uploads\/2022\/03\/FLAGA-UKRAINY-300x168.jpg 300w, http:\/\/przedszkolerodzinne.pl\/wp-content\/uploads\/2022\/03\/FLAGA-UKRAINY-768x429.jpg 768w, http:\/\/przedszkolerodzinne.pl\/wp-content\/uploads\/2022\/03\/FLAGA-UKRAINY-500x279.jpg 500w\" sizes=\"auto, (max-width: 967px) 100vw, 967px\" \/><\/a><\/figure>\n\n\n\n<p class=\"has-text-align-center\"><strong><span style=\"color:#f00a0a\" class=\"has-inline-color\">Niepubliczne Przedszkole Rodzinne w Bia\u0142ymstoku serdecznie zaprasza dzieci urodzone w latach 2015-2020, kt\u00f3re uciek\u0142y przed wojn\u0105 z Ukrainy \ud83c\uddfa\ud83c\udde6. Plac\u00f3wka zwalnia ca\u0142kowicie ze wszelkich koszt\u00f3w, w tym czesnego i za wy\u017cywienie. Kontakt telefoniczny 695-080-009. <\/span><\/strong><\/p>\n","protected":false},"excerpt":{"rendered":"<p>Niepubliczne Przedszkole Rodzinne w Bia\u0142ymstoku serdecznie zaprasza dzieci urodzone w latach 2015-2020, kt\u00f3re uciek\u0142y przed wojn\u0105 z Ukrainy \ud83c\uddfa\ud83c\udde6. Plac\u00f3wka zwalnia ca\u0142kowicie ze wszelkich koszt\u00f3w, w tym czesnego i za wy\u017cywienie. Kontakt telefoniczny 695-080-009.<\/p>\n","protected":false},"author":1,"featured_media":0,"comment_status":"closed","ping_status":"closed","sticky":false,"template":"","format":"aside","meta":{"footnotes":""},"categories":[1],"tags":[],"class_list":["post-36937","post","type-post","status-publish","format-aside","hentry","category-nowosci","post_format-post-format-aside"],"_links":{"self":[{"href":"http:\/\/przedszkolerodzinne.pl\/index.php?rest_route=\/wp\/v2\/posts\/36937","targetHints":{"allow":["GET"]}}],"collection":[{"href":"http:\/\/przedszkolerodzinne.pl\/index.php?rest_route=\/wp\/v2\/posts"}],"about":[{"href":"http:\/\/przedszkolerodzinne.pl\/index.php?rest_route=\/wp\/v2\/types\/post"}],"author":[{"embeddable":true,"href":"http:\/\/przedszkolerodzinne.pl\/index.php?rest_route=\/wp\/v2\/users\/1"}],"replies":[{"embeddable":true,"href":"http:\/\/przedszkolerodzinne.pl\/index.php?rest_route=%2Fwp%2Fv2%2Fcomments&post=36937"}],"version-history":[{"count":4,"href":"http:\/\/przedszkolerodzinne.pl\/index.php?rest_route=\/wp\/v2\/posts\/36937\/revisions"}],"predecessor-version":[{"id":36944,"href":"http:\/\/przedszkolerodzinne.pl\/index.php?rest_route=\/wp\/v2\/posts\/36937\/revisions\/36944"}],"wp:attachment":[{"href":"http:\/\/przedszkolerodzinne.pl\/index.php?rest_route=%2Fwp%2Fv2%2Fmedia&parent=36937"}],"wp:term":[{"taxonomy":"category","embeddable":true,"href":"http:\/\/przedszkolerodzinne.pl\/index.php?rest_route=%2Fwp%2Fv2%2Fcategories&post=36937"},{"taxonomy":"post_tag","embeddable":true,"href":"http:\/\/przedszkolerodzinne.pl\/index.php?rest_route=%2Fwp%2Fv2%2Ftags&post=36937"}],"curies":[{"name":"wp","href":"https:\/\/api.w.org\/{rel}","templated":true}]}}