{"id":34084,"date":"2022-02-08T14:24:32","date_gmt":"2022-02-08T13:24:32","guid":{"rendered":"http:\/\/przedszkolerodzinne.pl\/?p=34084"},"modified":"2022-02-09T08:36:11","modified_gmt":"2022-02-09T07:36:11","slug":"deklaracje-2","status":"publish","type":"post","link":"http:\/\/przedszkolerodzinne.pl\/?p=34084","title":{"rendered":"Deklaracje"},"content":{"rendered":"\n<p class=\"has-text-align-center has-text-color\" style=\"color:#de1f15\"><strong>Szanowni Rodzice!<\/strong><\/p>\n\n\n\n<p class=\"has-text-align-center has-text-color\" style=\"color:#de1f15\"><strong>DEKLARACJE<\/strong><\/p>\n\n\n\n<p class=\"has-text-align-center has-text-color\" style=\"color:#de1f15\"><strong>o kontynuowaniu wychowania przedszkolnego<\/strong>*<\/p>\n\n\n\n<p class=\"has-text-align-center has-text-color\" style=\"color:#de1f15\"><strong>w roku szkolnym 2022 \/ 2023<\/strong><\/p>\n\n\n\n<p class=\"has-text-align-center has-text-color\" style=\"color:#de1f15\"><strong>nale\u017cy z\u0142o\u017cy\u0107 w terminie<\/strong><\/p>\n\n\n\n<p class=\"has-text-align-center has-text-color\" style=\"color:#de1f15\"><strong><u>do 15.02.2022 r. (wtorek)<\/u><\/strong><\/p>\n\n\n\n<p class=\"has-text-align-center has-text-color\" style=\"color:#de1f15\"><strong><em>Dzi\u0119kujemy<\/em><\/strong><\/p>\n\n\n\n<p>*<span style=\"text-decoration: underline;\">Druki deklaracji do odbioru w przedszkolu<\/span><\/p>\n","protected":false},"excerpt":{"rendered":"<p>Szanowni Rodzice! DEKLARACJE o kontynuowaniu wychowania przedszkolnego* w roku szkolnym 2022 \/ 2023 nale\u017cy z\u0142o\u017cy\u0107 w terminie do 15.02.2022 r. (wtorek) Dzi\u0119kujemy *Druki deklaracji do odbioru w przedszkolu<\/p>\n","protected":false},"author":1,"featured_media":0,"comment_status":"closed","ping_status":"closed","sticky":false,"template":"","format":"aside","meta":{"footnotes":""},"categories":[1],"tags":[],"class_list":["post-34084","post","type-post","status-publish","format-aside","hentry","category-nowosci","post_format-post-format-aside"],"_links":{"self":[{"href":"http:\/\/przedszkolerodzinne.pl\/index.php?rest_route=\/wp\/v2\/posts\/34084","targetHints":{"allow":["GET"]}}],"collection":[{"href":"http:\/\/przedszkolerodzinne.pl\/index.php?rest_route=\/wp\/v2\/posts"}],"about":[{"href":"http:\/\/przedszkolerodzinne.pl\/index.php?rest_route=\/wp\/v2\/types\/post"}],"author":[{"embeddable":true,"href":"http:\/\/przedszkolerodzinne.pl\/index.php?rest_route=\/wp\/v2\/users\/1"}],"replies":[{"embeddable":true,"href":"http:\/\/przedszkolerodzinne.pl\/index.php?rest_route=%2Fwp%2Fv2%2Fcomments&post=34084"}],"version-history":[{"count":3,"href":"http:\/\/przedszkolerodzinne.pl\/index.php?rest_route=\/wp\/v2\/posts\/34084\/revisions"}],"predecessor-version":[{"id":34177,"href":"http:\/\/przedszkolerodzinne.pl\/index.php?rest_route=\/wp\/v2\/posts\/34084\/revisions\/34177"}],"wp:attachment":[{"href":"http:\/\/przedszkolerodzinne.pl\/index.php?rest_route=%2Fwp%2Fv2%2Fmedia&parent=34084"}],"wp:term":[{"taxonomy":"category","embeddable":true,"href":"http:\/\/przedszkolerodzinne.pl\/index.php?rest_route=%2Fwp%2Fv2%2Fcategories&post=34084"},{"taxonomy":"post_tag","embeddable":true,"href":"http:\/\/przedszkolerodzinne.pl\/index.php?rest_route=%2Fwp%2Fv2%2Ftags&post=34084"}],"curies":[{"name":"wp","href":"https:\/\/api.w.org\/{rel}","templated":true}]}}