{"id":19841,"date":"2021-04-16T12:10:58","date_gmt":"2021-04-16T10:10:58","guid":{"rendered":"http:\/\/przedszkolerodzinne.pl\/?p=19841"},"modified":"2021-04-17T12:15:17","modified_gmt":"2021-04-17T10:15:17","slug":"19841","status":"publish","type":"post","link":"http:\/\/przedszkolerodzinne.pl\/?p=19841","title":{"rendered":"otwarcie \u017c\u0142obk\u00f3w i przedszkoli"},"content":{"rendered":"<p>Szanowni Rodzice,<\/p>\n<p>w zwi\u0105zku z otwarciem na terenie ca\u0142ego kraju \u017c\u0142obk\u00f3w i przedszkoli od 19 kwietnia 2021 r. tak\u017ce Nasze Przedszkole b\u0119dzie otwarte. Zapraszamy od godz. 6:30 do godz. 17:00.<\/p>\n<p>Nauczanie zdalne nie b\u0119dzie kontynuowane.<\/p>\n<p>Z powa\u017caniem,<\/p>\n<p>Dyrektor<\/p>\n","protected":false},"excerpt":{"rendered":"<p>Szanowni Rodzice, w zwi\u0105zku z otwarciem na terenie ca\u0142ego kraju \u017c\u0142obk\u00f3w i przedszkoli od 19 kwietnia 2021 r. tak\u017ce Nasze Przedszkole b\u0119dzie otwarte. Zapraszamy od godz. 6:30 do godz. 17:00. Nauczanie zdalne nie b\u0119dzie kontynuowane. Z powa\u017caniem, Dyrektor<\/p>\n","protected":false},"author":1,"featured_media":0,"comment_status":"closed","ping_status":"closed","sticky":false,"template":"","format":"aside","meta":{"footnotes":""},"categories":[1],"tags":[],"class_list":["post-19841","post","type-post","status-publish","format-aside","hentry","category-nowosci","post_format-post-format-aside"],"_links":{"self":[{"href":"http:\/\/przedszkolerodzinne.pl\/index.php?rest_route=\/wp\/v2\/posts\/19841","targetHints":{"allow":["GET"]}}],"collection":[{"href":"http:\/\/przedszkolerodzinne.pl\/index.php?rest_route=\/wp\/v2\/posts"}],"about":[{"href":"http:\/\/przedszkolerodzinne.pl\/index.php?rest_route=\/wp\/v2\/types\/post"}],"author":[{"embeddable":true,"href":"http:\/\/przedszkolerodzinne.pl\/index.php?rest_route=\/wp\/v2\/users\/1"}],"replies":[{"embeddable":true,"href":"http:\/\/przedszkolerodzinne.pl\/index.php?rest_route=%2Fwp%2Fv2%2Fcomments&post=19841"}],"version-history":[{"count":3,"href":"http:\/\/przedszkolerodzinne.pl\/index.php?rest_route=\/wp\/v2\/posts\/19841\/revisions"}],"predecessor-version":[{"id":19844,"href":"http:\/\/przedszkolerodzinne.pl\/index.php?rest_route=\/wp\/v2\/posts\/19841\/revisions\/19844"}],"wp:attachment":[{"href":"http:\/\/przedszkolerodzinne.pl\/index.php?rest_route=%2Fwp%2Fv2%2Fmedia&parent=19841"}],"wp:term":[{"taxonomy":"category","embeddable":true,"href":"http:\/\/przedszkolerodzinne.pl\/index.php?rest_route=%2Fwp%2Fv2%2Fcategories&post=19841"},{"taxonomy":"post_tag","embeddable":true,"href":"http:\/\/przedszkolerodzinne.pl\/index.php?rest_route=%2Fwp%2Fv2%2Ftags&post=19841"}],"curies":[{"name":"wp","href":"https:\/\/api.w.org\/{rel}","templated":true}]}}