{"id":19802,"date":"2021-03-26T13:29:42","date_gmt":"2021-03-26T12:29:42","guid":{"rendered":"http:\/\/przedszkolerodzinne.pl\/?p=19802"},"modified":"2021-03-26T13:35:40","modified_gmt":"2021-03-26T12:35:40","slug":"ograniczenie-funkcjonowania","status":"publish","type":"post","link":"http:\/\/przedszkolerodzinne.pl\/?p=19802","title":{"rendered":"ograniczenie funkcjonowania"},"content":{"rendered":"<p>Szanowni Rodzice,<\/p>\n<p>w zwi\u0105zku z zamkni\u0119ciem na terenie ca\u0142ego kraju \u017c\u0142obk\u00f3w i przedszkoli od 27 marca 2021 r. tak\u017ce Nasze Przedszkole b\u0119dzie zamkni\u0119te w dniach od 27.03.2021 r. do 09.04.2021 r.<\/p>\n<p>Wkr\u00f3tce zamie\u015bcimy informacje i materia\u0142y dot. edukacji zdalnej.<\/p>\n<p>Z powa\u017caniem,<\/p>\n<p>Dyrektor<\/p>\n","protected":false},"excerpt":{"rendered":"<p>Szanowni Rodzice, w zwi\u0105zku z zamkni\u0119ciem na terenie ca\u0142ego kraju \u017c\u0142obk\u00f3w i przedszkoli od 27 marca 2021 r. tak\u017ce Nasze Przedszkole b\u0119dzie zamkni\u0119te w dniach od 27.03.2021 r. do 09.04.2021 r. Wkr\u00f3tce zamie\u015bcimy informacje i materia\u0142y dot. edukacji zdalnej. Z &hellip; <a href=\"http:\/\/przedszkolerodzinne.pl\/?p=19802\">Czytaj dalej <span class=\"meta-nav\">&rarr;<\/span><\/a><\/p>\n","protected":false},"author":1,"featured_media":0,"comment_status":"closed","ping_status":"closed","sticky":false,"template":"","format":"aside","meta":{"footnotes":""},"categories":[1],"tags":[],"class_list":["post-19802","post","type-post","status-publish","format-aside","hentry","category-nowosci","post_format-post-format-aside"],"_links":{"self":[{"href":"http:\/\/przedszkolerodzinne.pl\/index.php?rest_route=\/wp\/v2\/posts\/19802","targetHints":{"allow":["GET"]}}],"collection":[{"href":"http:\/\/przedszkolerodzinne.pl\/index.php?rest_route=\/wp\/v2\/posts"}],"about":[{"href":"http:\/\/przedszkolerodzinne.pl\/index.php?rest_route=\/wp\/v2\/types\/post"}],"author":[{"embeddable":true,"href":"http:\/\/przedszkolerodzinne.pl\/index.php?rest_route=\/wp\/v2\/users\/1"}],"replies":[{"embeddable":true,"href":"http:\/\/przedszkolerodzinne.pl\/index.php?rest_route=%2Fwp%2Fv2%2Fcomments&post=19802"}],"version-history":[{"count":1,"href":"http:\/\/przedszkolerodzinne.pl\/index.php?rest_route=\/wp\/v2\/posts\/19802\/revisions"}],"predecessor-version":[{"id":19803,"href":"http:\/\/przedszkolerodzinne.pl\/index.php?rest_route=\/wp\/v2\/posts\/19802\/revisions\/19803"}],"wp:attachment":[{"href":"http:\/\/przedszkolerodzinne.pl\/index.php?rest_route=%2Fwp%2Fv2%2Fmedia&parent=19802"}],"wp:term":[{"taxonomy":"category","embeddable":true,"href":"http:\/\/przedszkolerodzinne.pl\/index.php?rest_route=%2Fwp%2Fv2%2Fcategories&post=19802"},{"taxonomy":"post_tag","embeddable":true,"href":"http:\/\/przedszkolerodzinne.pl\/index.php?rest_route=%2Fwp%2Fv2%2Ftags&post=19802"}],"curies":[{"name":"wp","href":"https:\/\/api.w.org\/{rel}","templated":true}]}}