{"id":19792,"date":"2021-02-20T11:26:12","date_gmt":"2021-02-20T10:26:12","guid":{"rendered":"http:\/\/przedszkolerodzinne.pl\/?p=19792"},"modified":"2021-02-20T11:26:45","modified_gmt":"2021-02-20T10:26:45","slug":"wyniki-rekrutacji","status":"publish","type":"post","link":"http:\/\/przedszkolerodzinne.pl\/?p=19792","title":{"rendered":"wyniki rekrutacji"},"content":{"rendered":"<p>Szanowni Rodzice,<\/p>\n<p>Lista dzieci zakwalifikowanych i przyj\u0119tych na rok szkolny 2021\/2022 znajduje si\u0119 w zak\u0142adce\u00a0<a href=\"http:\/\/przedszkolerodzinne.pl\/?page_id=2798\">RECRUITMENT 21\/22<\/a>.<\/p>\n<p>Informacja o wolnych miejscach i mo\u017cliwo\u015bci przyj\u0119cia dziecka na rok szkolny 2021\/2022 pod nr tel. 695-080-009.<\/p>\n<p>Dyrektor<\/p>\n","protected":false},"excerpt":{"rendered":"<p>Szanowni Rodzice, Lista dzieci zakwalifikowanych i przyj\u0119tych na rok szkolny 2021\/2022 znajduje si\u0119 w zak\u0142adce\u00a0RECRUITMENT 21\/22. Informacja o wolnych miejscach i mo\u017cliwo\u015bci przyj\u0119cia dziecka na rok szkolny 2021\/2022 pod nr tel. 695-080-009. Dyrektor<\/p>\n","protected":false},"author":1,"featured_media":0,"comment_status":"closed","ping_status":"closed","sticky":false,"template":"","format":"aside","meta":{"footnotes":""},"categories":[1],"tags":[],"class_list":["post-19792","post","type-post","status-publish","format-aside","hentry","category-nowosci","post_format-post-format-aside"],"_links":{"self":[{"href":"http:\/\/przedszkolerodzinne.pl\/index.php?rest_route=\/wp\/v2\/posts\/19792","targetHints":{"allow":["GET"]}}],"collection":[{"href":"http:\/\/przedszkolerodzinne.pl\/index.php?rest_route=\/wp\/v2\/posts"}],"about":[{"href":"http:\/\/przedszkolerodzinne.pl\/index.php?rest_route=\/wp\/v2\/types\/post"}],"author":[{"embeddable":true,"href":"http:\/\/przedszkolerodzinne.pl\/index.php?rest_route=\/wp\/v2\/users\/1"}],"replies":[{"embeddable":true,"href":"http:\/\/przedszkolerodzinne.pl\/index.php?rest_route=%2Fwp%2Fv2%2Fcomments&post=19792"}],"version-history":[{"count":2,"href":"http:\/\/przedszkolerodzinne.pl\/index.php?rest_route=\/wp\/v2\/posts\/19792\/revisions"}],"predecessor-version":[{"id":19794,"href":"http:\/\/przedszkolerodzinne.pl\/index.php?rest_route=\/wp\/v2\/posts\/19792\/revisions\/19794"}],"wp:attachment":[{"href":"http:\/\/przedszkolerodzinne.pl\/index.php?rest_route=%2Fwp%2Fv2%2Fmedia&parent=19792"}],"wp:term":[{"taxonomy":"category","embeddable":true,"href":"http:\/\/przedszkolerodzinne.pl\/index.php?rest_route=%2Fwp%2Fv2%2Fcategories&post=19792"},{"taxonomy":"post_tag","embeddable":true,"href":"http:\/\/przedszkolerodzinne.pl\/index.php?rest_route=%2Fwp%2Fv2%2Ftags&post=19792"}],"curies":[{"name":"wp","href":"https:\/\/api.w.org\/{rel}","templated":true}]}}