{"id":19783,"date":"2021-05-04T06:15:16","date_gmt":"2021-05-04T04:15:16","guid":{"rendered":"http:\/\/przedszkolerodzinne.pl\/?p=19783"},"modified":"2021-05-03T15:52:45","modified_gmt":"2021-05-03T13:52:45","slug":"przerwa-wakacyjna-2021","status":"publish","type":"post","link":"http:\/\/przedszkolerodzinne.pl\/?p=19783","title":{"rendered":"przerwa wakacyjna 2021"},"content":{"rendered":"<p align=\"CENTER\"><span style=\"font-size: x-large;\">Uprzejmie informujemy, \u017ce w Przedszkolu w roku szkolnym 2020\/2021 <\/span><span style=\"font-size: x-large;\">zaplanowano przerw\u0119 wakacyjn\u0105:<\/span><\/p>\n<p align=\"CENTER\"><span style=\"font-size: 250%;\">12-23.07.2021 r.<\/span><\/p>\n<p align=\"CENTER\"><span style=\"font-size: x-large;\">Przedszkole b\u0119dzie tak\u017ce zamkni\u0119te<\/span><\/p>\n<p align=\"CENTER\"><span style=\"font-size: 250%;\">04.06.2021 r. (pi\u0105tek)<\/span><\/p>\n<p><img loading=\"lazy\" decoding=\"async\" class=\"wp-image-7436 aligncenter\" src=\"http:\/\/przedszkolerodzinne.pl\/wp-content\/uploads\/2016\/01\/dzieciaki-na-pla\u017cy.jpg\" alt=\"\" width=\"356\" height=\"241\" \/><\/p>\n<p align=\"CENTER\">Adres pocztowy na\u00a0<span style=\"color: #000080;\"><strong>poczt\u00f3wki z wakacji<\/strong><\/span>:<\/p>\n<p style=\"text-align: center;\"><span style=\"color: #ff0000;\"><em>Niepubliczne Przedszkole Rodzinne<\/em><\/span><br \/>\n<span style=\"color: #ff0000;\"><em> ul. Blokowa 4 lok.6<\/em><\/span><br \/>\n<span style=\"color: #ff0000;\"><em> 15-788 Bia\u0142ystok<\/em><\/span><br \/>\n<span style=\"color: #ff0000;\"><em> P O L A N D<\/em><\/span><\/p>\n","protected":false},"excerpt":{"rendered":"<p>Uprzejmie informujemy, \u017ce w Przedszkolu w roku szkolnym 2020\/2021 zaplanowano przerw\u0119 wakacyjn\u0105: 12-23.07.2021 r. Przedszkole b\u0119dzie tak\u017ce zamkni\u0119te 04.06.2021 r. (pi\u0105tek) Adres pocztowy na\u00a0poczt\u00f3wki z wakacji: Niepubliczne Przedszkole Rodzinne ul. Blokowa 4 lok.6 15-788 Bia\u0142ystok P O L A N &hellip; <a href=\"http:\/\/przedszkolerodzinne.pl\/?p=19783\">Czytaj dalej <span class=\"meta-nav\">&rarr;<\/span><\/a><\/p>\n","protected":false},"author":1,"featured_media":0,"comment_status":"closed","ping_status":"closed","sticky":false,"template":"","format":"aside","meta":{"footnotes":""},"categories":[1],"tags":[],"class_list":["post-19783","post","type-post","status-publish","format-aside","hentry","category-nowosci","post_format-post-format-aside"],"_links":{"self":[{"href":"http:\/\/przedszkolerodzinne.pl\/index.php?rest_route=\/wp\/v2\/posts\/19783","targetHints":{"allow":["GET"]}}],"collection":[{"href":"http:\/\/przedszkolerodzinne.pl\/index.php?rest_route=\/wp\/v2\/posts"}],"about":[{"href":"http:\/\/przedszkolerodzinne.pl\/index.php?rest_route=\/wp\/v2\/types\/post"}],"author":[{"embeddable":true,"href":"http:\/\/przedszkolerodzinne.pl\/index.php?rest_route=\/wp\/v2\/users\/1"}],"replies":[{"embeddable":true,"href":"http:\/\/przedszkolerodzinne.pl\/index.php?rest_route=%2Fwp%2Fv2%2Fcomments&post=19783"}],"version-history":[{"count":2,"href":"http:\/\/przedszkolerodzinne.pl\/index.php?rest_route=\/wp\/v2\/posts\/19783\/revisions"}],"predecessor-version":[{"id":19791,"href":"http:\/\/przedszkolerodzinne.pl\/index.php?rest_route=\/wp\/v2\/posts\/19783\/revisions\/19791"}],"wp:attachment":[{"href":"http:\/\/przedszkolerodzinne.pl\/index.php?rest_route=%2Fwp%2Fv2%2Fmedia&parent=19783"}],"wp:term":[{"taxonomy":"category","embeddable":true,"href":"http:\/\/przedszkolerodzinne.pl\/index.php?rest_route=%2Fwp%2Fv2%2Fcategories&post=19783"},{"taxonomy":"post_tag","embeddable":true,"href":"http:\/\/przedszkolerodzinne.pl\/index.php?rest_route=%2Fwp%2Fv2%2Ftags&post=19783"}],"curies":[{"name":"wp","href":"https:\/\/api.w.org\/{rel}","templated":true}]}}