{"id":19658,"date":"2020-08-21T13:07:30","date_gmt":"2020-08-21T11:07:30","guid":{"rendered":"http:\/\/przedszkolerodzinne.pl\/?p=19658"},"modified":"2020-08-21T13:58:10","modified_gmt":"2020-08-21T11:58:10","slug":"organizacja-od-1-wrzesnia-2020","status":"publish","type":"post","link":"http:\/\/przedszkolerodzinne.pl\/?p=19658","title":{"rendered":"organizacja od 1 wrzesnia 2020"},"content":{"rendered":"<p>21.08.2020 r.<\/p>\n<p>Szanowni Pa\u0144stwo,<\/p>\n<ol>\n<li>Przedszkole od 1 wrze\u015bnia 2020 r. b\u0119dzie otwarte w godzinach 6:30 &#8211; 17:00, jednak\u017ce godziny pracy mog\u0105 ulec zmianie.<\/li>\n<li>Schodzenie si\u0119 dzieci do Przedszkola 6:30-8:00, odbieranie dzieci 13:00-17:00.<\/li>\n<li>W okresie adaptacji zaleca si\u0119 skr\u00f3cenie pobytu dziecka w Przedszkolu.<\/li>\n<li>W okresie pandemii koronawirusa SARS-CoV2:\n<ol>\n<li>Przekazywanie dziecka personelowi Przedszkola odbywa si\u0119 w drzwiach wej\u015bciowych. Rodzic przyprowadzaj\u0105cy i odbieraj\u0105cy dziecko musi mie\u0107 zas\u0142oni\u0119ty nos i usta. Personel podczas odbierania i wydawania dziecka jest w masce lub w przy\u0142bicy. Dziecko po wej\u015bciu do plac\u00f3wki zmienia obuwie i od razu myje r\u0119ce myd\u0142em dezynfekuj\u0105cym. Rodzice nie b\u0119d\u0105 mogli wej\u015b\u0107 do pomieszcze\u0144 Przedszkola.<\/li>\n<li>Podczas pobytu dziecka w Przedszkolu rodzice maj\u0105 zawsze w\u0142\u0105czone telefony kom\u00f3rkowe i zapewniaj\u0105 Plac\u00f3wce mo\u017cliwo\u015b\u0107 szybkiego kontaktu.<\/li>\n<li>Dziecko nie przynosi ze sob\u0105 \u017cadnych przedmiot\u00f3w z domu (zabawki, ksi\u0105\u017ceczki, misie itp.).<\/li>\n<li>Rozmowy z personelem przedszkola s\u0105 ograniczane do niezb\u0119dnego minimum.<\/li>\n<li>Do przedszkola nie mog\u0105 by\u0107 przyprowadzane dzieci, u kt\u00f3rych wyst\u0119puj\u0105 jakiekolwiek objawy przezi\u0119bienia (gor\u0105czka, katar, kaszel, duszno\u015bci, wymioty, biegunka, wysypka, b\u00f3le mi\u0119\u015bni, utrata smaku, utrata w\u0119chu itp.).<\/li>\n<li>W trakcie dnia dziecku mo\u017ce by\u0107 mierzona temperatura. Je\u015bli temperatura b\u0119dzie wy\u017csza ni\u017c 37,2 stopnie Celsjusza dziecko jest poddawane izolacji do czasu odebrania przez rodzic\u00f3w. Rodzice powinni odebra\u0107 dziecko z objawami przezi\u0119bienia w przeci\u0105gu maksymalnie 30 minut od poinformowania przez Plac\u00f3wk\u0119.<\/li>\n<\/ol>\n<\/li>\n<li>Realizacja podstawy programowej (bezp\u0142atne 5 godzin) odbywa\u0107 si\u0119 b\u0119dzie od godz. 8:00 do 13:00.<\/li>\n<li>Posi\u0142ki: 8:30 &#8211; \u015bniadanie, 11:30 &#8211; obiad, 13:30 &#8211; podwieczorek.<\/li>\n<li>Wyprawka w bie\u017c\u0105cym roku szkolnym: str\u00f3j na zmian\u0119 (skarpetki, majtki, bluzka, spodnie), obuwie na zmian\u0119 (przewiewne tenis\u00f3wki lub zapinane kapcie).<\/li>\n<li>Nie przewiduje si\u0119 le\u017cakowania.<\/li>\n<li>Informacja odno\u015bnie op\u0142at w roku szkolnym 2020\/2021 pojawi si\u0119 pod koniec sierpnia 2020 r.<\/li>\n<\/ol>\n<p>&nbsp;<\/p>\n","protected":false},"excerpt":{"rendered":"<p>21.08.2020 r. Szanowni Pa\u0144stwo, Przedszkole od 1 wrze\u015bnia 2020 r. b\u0119dzie otwarte w godzinach 6:30 &#8211; 17:00, jednak\u017ce godziny pracy mog\u0105 ulec zmianie. Schodzenie si\u0119 dzieci do Przedszkola 6:30-8:00, odbieranie dzieci 13:00-17:00. W okresie adaptacji zaleca si\u0119 skr\u00f3cenie pobytu dziecka &hellip; <a href=\"http:\/\/przedszkolerodzinne.pl\/?p=19658\">Czytaj dalej <span class=\"meta-nav\">&rarr;<\/span><\/a><\/p>\n","protected":false},"author":1,"featured_media":0,"comment_status":"closed","ping_status":"closed","sticky":false,"template":"","format":"aside","meta":{"footnotes":""},"categories":[1],"tags":[],"class_list":["post-19658","post","type-post","status-publish","format-aside","hentry","category-nowosci","post_format-post-format-aside"],"_links":{"self":[{"href":"http:\/\/przedszkolerodzinne.pl\/index.php?rest_route=\/wp\/v2\/posts\/19658","targetHints":{"allow":["GET"]}}],"collection":[{"href":"http:\/\/przedszkolerodzinne.pl\/index.php?rest_route=\/wp\/v2\/posts"}],"about":[{"href":"http:\/\/przedszkolerodzinne.pl\/index.php?rest_route=\/wp\/v2\/types\/post"}],"author":[{"embeddable":true,"href":"http:\/\/przedszkolerodzinne.pl\/index.php?rest_route=\/wp\/v2\/users\/1"}],"replies":[{"embeddable":true,"href":"http:\/\/przedszkolerodzinne.pl\/index.php?rest_route=%2Fwp%2Fv2%2Fcomments&post=19658"}],"version-history":[{"count":3,"href":"http:\/\/przedszkolerodzinne.pl\/index.php?rest_route=\/wp\/v2\/posts\/19658\/revisions"}],"predecessor-version":[{"id":19661,"href":"http:\/\/przedszkolerodzinne.pl\/index.php?rest_route=\/wp\/v2\/posts\/19658\/revisions\/19661"}],"wp:attachment":[{"href":"http:\/\/przedszkolerodzinne.pl\/index.php?rest_route=%2Fwp%2Fv2%2Fmedia&parent=19658"}],"wp:term":[{"taxonomy":"category","embeddable":true,"href":"http:\/\/przedszkolerodzinne.pl\/index.php?rest_route=%2Fwp%2Fv2%2Fcategories&post=19658"},{"taxonomy":"post_tag","embeddable":true,"href":"http:\/\/przedszkolerodzinne.pl\/index.php?rest_route=%2Fwp%2Fv2%2Ftags&post=19658"}],"curies":[{"name":"wp","href":"https:\/\/api.w.org\/{rel}","templated":true}]}}