{"id":19349,"date":"2020-06-25T12:00:08","date_gmt":"2020-06-25T10:00:08","guid":{"rendered":"http:\/\/przedszkolerodzinne.pl\/?p=19349"},"modified":"2020-06-25T07:53:18","modified_gmt":"2020-06-25T05:53:18","slug":"podziekowania-od-ministra","status":"publish","type":"post","link":"http:\/\/przedszkolerodzinne.pl\/?p=19349","title":{"rendered":"podzi\u0119kowania od Ministra"},"content":{"rendered":"<p style=\"text-align: center;\"><strong><span style=\"color: #ff0000;\">Podzi\u0119kowanie Ministra Edukacji Narodowej przes\u0142ane do rodzic\u00f3w i nauczycieli w zwi\u0105zku z zako\u0144czeniem Roku Szkolnego 2019\/2020.<\/span><\/strong><\/p>\n<p><a href=\"https:\/\/dokumenty.men.gov.pl\/List_MDP_zakonczenie_roku_szkolnego_2019-2020.pdf\">https:\/\/dokumenty.men.gov.pl\/List_MDP_zakonczenie_roku_szkolnego_2019-2020.pdf<\/a><\/p>\n","protected":false},"excerpt":{"rendered":"<p>Podzi\u0119kowanie Ministra Edukacji Narodowej przes\u0142ane do rodzic\u00f3w i nauczycieli w zwi\u0105zku z zako\u0144czeniem Roku Szkolnego 2019\/2020. https:\/\/dokumenty.men.gov.pl\/List_MDP_zakonczenie_roku_szkolnego_2019-2020.pdf<\/p>\n","protected":false},"author":1,"featured_media":0,"comment_status":"closed","ping_status":"closed","sticky":false,"template":"","format":"aside","meta":{"footnotes":""},"categories":[1],"tags":[],"class_list":["post-19349","post","type-post","status-publish","format-aside","hentry","category-nowosci","post_format-post-format-aside"],"_links":{"self":[{"href":"http:\/\/przedszkolerodzinne.pl\/index.php?rest_route=\/wp\/v2\/posts\/19349","targetHints":{"allow":["GET"]}}],"collection":[{"href":"http:\/\/przedszkolerodzinne.pl\/index.php?rest_route=\/wp\/v2\/posts"}],"about":[{"href":"http:\/\/przedszkolerodzinne.pl\/index.php?rest_route=\/wp\/v2\/types\/post"}],"author":[{"embeddable":true,"href":"http:\/\/przedszkolerodzinne.pl\/index.php?rest_route=\/wp\/v2\/users\/1"}],"replies":[{"embeddable":true,"href":"http:\/\/przedszkolerodzinne.pl\/index.php?rest_route=%2Fwp%2Fv2%2Fcomments&post=19349"}],"version-history":[{"count":2,"href":"http:\/\/przedszkolerodzinne.pl\/index.php?rest_route=\/wp\/v2\/posts\/19349\/revisions"}],"predecessor-version":[{"id":19351,"href":"http:\/\/przedszkolerodzinne.pl\/index.php?rest_route=\/wp\/v2\/posts\/19349\/revisions\/19351"}],"wp:attachment":[{"href":"http:\/\/przedszkolerodzinne.pl\/index.php?rest_route=%2Fwp%2Fv2%2Fmedia&parent=19349"}],"wp:term":[{"taxonomy":"category","embeddable":true,"href":"http:\/\/przedszkolerodzinne.pl\/index.php?rest_route=%2Fwp%2Fv2%2Fcategories&post=19349"},{"taxonomy":"post_tag","embeddable":true,"href":"http:\/\/przedszkolerodzinne.pl\/index.php?rest_route=%2Fwp%2Fv2%2Ftags&post=19349"}],"curies":[{"name":"wp","href":"https:\/\/api.w.org\/{rel}","templated":true}]}}