{"id":18978,"date":"2020-05-18T14:05:29","date_gmt":"2020-05-18T12:05:29","guid":{"rendered":"http:\/\/przedszkolerodzinne.pl\/?p=18978"},"modified":"2020-05-18T15:33:36","modified_gmt":"2020-05-18T13:33:36","slug":"zasady","status":"publish","type":"post","link":"http:\/\/przedszkolerodzinne.pl\/?p=18978","title":{"rendered":"zasady"},"content":{"rendered":"<p><strong><span style=\"text-decoration: underline;\">Informujemy, \u017ce od 25 maja 2020 r. do odwo\u0142ania:<\/span><\/strong><\/p>\n<ul>\n<li><strong>bezp\u0142atne<\/strong> nauczanie zdalne dla wszystkich wychowank\u00f3w odbywa si\u0119 na dotychczasowych zasadach,<\/li>\n<li><strong>p\u0142atne<\/strong> sprawowanie opieki nad dzieckiem dla os\u00f3b spe\u0142niaj\u0105cych kryteria odbywa si\u0119 wg zasad zamieszczonych poni\u017cej.<\/li>\n<\/ul>\n<p style=\"text-align: center;\"><strong>OFERTA OPIEKI NAD DZIECKIEM OD 25.05.2020 R.<\/strong><\/p>\n<p><strong>Przedszkole od 25.05.2020 r. do odwo\u0142ania sprawuje opiek\u0119 nad dzie\u0107mi od poniedzia\u0142ku do pi\u0105tku w godz. 6:30-15:30<\/strong>. W ci\u0105gu dnia dziecku jest zapewnione wy\u017cywienie. Przyprowadzanie dzieci jest mo\u017cliwe wy\u0142\u0105cznie w godz. 6:30-8:00, a odbieranie w godzinach 13:00-15:30. W godzinach 8:00-13:00 brak mo\u017cliwo\u015bci przyprowadzenia i odbierania dziecka.<\/p>\n<p><span style=\"text-decoration: underline;\"><strong>Kwalifikacja dzieci:<\/strong><\/span><\/p>\n<p>Osoby, kt\u00f3re s\u0105 zainteresowane, aby Przedszkole sprawowa\u0142o opiek\u0119 nad ich dzieckiem od 25 maja 2020 r. lub od 01.06.2020 r. sk\u0142adaj\u0105 najp\u00f3\u017aniej do 20.05.2020 r. (\u015broda) do godz. 20:00 do skrzynki znajduj\u0105cej si\u0119 na barierce w Przedszkolu <em>Deklaracj\u0119 uczestnictwa dziecka w Przedszkolu<\/em> oraz <em>O\u015bwiadczenie o zatrudnieniu w formie stacjonarnej.<\/em>\u00a0Dokumenty musz\u0105 by\u0107 podpisane przez ka\u017cdego z rodzic\u00f3w. Rodzice korzystaj\u0105cy z zasi\u0142ku opieku\u0144czego na dziecko korzystaj\u0105 wy\u0142\u0105cznie z nauczania zdalnego.<\/p>\n<p><span style=\"text-decoration: underline;\"><strong>Decyzja o zakwalifikowaniu:<\/strong><\/span><\/p>\n<p>Rodzic zostaje powiadomiony telefonicznie o zakwalifikowaniu i mo\u017cliwo\u015bci przyprowadzania dziecka do Przedszkola, najp\u00f3\u017aniej do 22.05.2020 r. do godz. 15:00.<\/p>\n<p><span style=\"text-decoration: underline;\"><strong>Rezygnacja z opieki nad dzieckiem:<\/strong><\/span><\/p>\n<p>Brak kontaktu telefonicznego z Przedszkolem, nieuiszczenie op\u0142aty w terminie lub nieprzyprowadzenie zakwalifikowanego dziecka do Przedszkola 25.05.2020 r. lub 01.06.2020 r. bez usprawiedliwienia oznacza rezygnacj\u0119 ze sprawowania opieki i zwolnienie miejsca dla kolejnego dziecka.<\/p>\n<p><span style=\"text-decoration: underline;\"><strong>Odbieranie i przyprowadzanie dzieci:<\/strong><\/span><\/p>\n<p>Dziecko przyprowadzaj\u0105 i odbieraj\u0105 wy\u0142\u0105cznie zdrowi rodzice, kt\u00f3rzy nie s\u0105 obj\u0119ci kwarantann\u0105, izolacj\u0105 i nie wr\u00f3cili zza granicy w przeci\u0105gu ostatnich 30 dni. Dziecko jest odbierane przez personel Przedszkola w drzwiach wej\u015bciowych. Dziecku jest mierzona temperatura i je\u015bli przekroczy 37,2 stopnia Celsjusza dziecko jest odsy\u0142ane do domu. Do Przedszkola nie mo\u017ce by\u0107 przyprowadzane dziecko, kt\u00f3re mia\u0142o \u015bwiadomy kontakt z osob\u0105 przebywaj\u0105ca na kwarantannie lub w izolacji albo z osob\u0105, kt\u00f3ra wr\u00f3ci\u0142a zza granicy, ale nie jest obj\u0119ta obowi\u0105zkow\u0105 kwarantann\u0105.\u00a0Rodzice nie wchodz\u0105 na teren plac\u00f3wki. Rodzice nie mog\u0105 rozmawia\u0107 z personelem podczas odbierania i przyprowadzania dziecka.\u00a0Dziecko ma mie\u0107 ze sob\u0105 wyprane i wyprasowane ubranie, a tak\u017ce czyste i niezniszczone obuwie na zmian\u0119.<\/p>\n<p><span style=\"text-decoration: underline;\"><strong>Szybki kontakt telefoniczny z plac\u00f3wk\u0105:<\/strong><\/span><\/p>\n<p>Rodzice zapewniaj\u0105 pracownikom przedszkola mo\u017cliwo\u015b\u0107 szybkiego kontaktu telefonicznego, a w razie wezwania zobowi\u0105zani s\u0105 do niezw\u0142ocznego odbioru dziecka w przeci\u0105gu maksymalnie do 90 min. Rodzice s\u0105 wzywani do odbioru dziecka je\u015bli pojawi\u0105 si\u0119 jakiekolwiek objawy chorobowe, np.: katar, kaszel, biegunka, duszno\u015bci, wysypka, b\u00f3le mi\u0119\u015bni, b\u00f3l gard\u0142a, utrata smaku czy w\u0119chu i inne nietypowe objawy. W przypadku braku kontaktu z rodzicami powiadamiane s\u0105 s\u0142u\u017cby sanitarno-epidemiologiczne.<\/p>\n<p><span style=\"text-decoration: underline;\"><strong>Dezyfencja Przedszkola, \u015brodki ochronne i ubranie na zmian\u0119:<\/strong><\/span><\/p>\n<p>W ci\u0105gu dnia w Przedszkolu s\u0105 u\u017cywane intensywne \u015brodki do dezynfekcji m.in. 70% procentowy roztw\u00f3r etanolu oraz inne \u015brodki na bazie chloru, myd\u0142a i alkoholu, kt\u00f3re s\u0105 zalecane przez G\u0142\u00f3wny Inspektorat Sanitarny i MEN. Dziecko jest przyprowadzane w masce na twarzy, kt\u00f3r\u0105 rodzic zdejmuje i zak\u0142adka ponownie przy zabraniu dziecka przy odbiorze dziecka z Przedszkola. Nie ma mo\u017cliwo\u015bci przechowywania masek w Przedszkolu.<\/p>\n<p><span style=\"text-decoration: underline;\"><strong>Op\u0142aty:<\/strong><\/span><\/p>\n<p>Op\u0142ata za maj (25-31.05.) wynosi 150 z\u0142, termin p\u0142atno\u015bci 22.05.2020 r. do godz. 15:00. Op\u0142ata za czerwiec (1-30.06.) wynosi 500 z\u0142, termin p\u0142atno\u015bci 28.05.2020 r. do godz. 15:00. Nie ma \u017cadnych ulg i odlicze\u0144, w tym za nieobecno\u015bci. Dzieci obj\u0119te kszta\u0142ceniem specjalnym s\u0105 zwolnione z op\u0142at.<\/p>\n<p><span style=\"text-decoration: underline;\"><strong>Pytania i w\u0105tpliwo\u015bci odno\u015bnie organizacji opieki i wolnych miejsc:<\/strong><\/span><\/p>\n<p>Istnieje mo\u017cliwo\u015b\u0107 kontaktu telefonicznego i zadawania pyta\u0144 odno\u015bnie organizacji i dost\u0119pnych wolnych miejscach w Przedszkolu &#8211; tel. 695-080-009.<\/p>\n<p>Za\u0142\u0105czniki:<\/p>\n<p><a href=\"http:\/\/przedszkolerodzinne.pl\/wp-content\/uploads\/2020\/05\/O\u015aWIADCZENIE.jpg\"><img loading=\"lazy\" decoding=\"async\" class=\"alignnone size-large wp-image-18985\" src=\"http:\/\/przedszkolerodzinne.pl\/wp-content\/uploads\/2020\/05\/O\u015aWIADCZENIE-700x1024.jpg\" alt=\"\" width=\"584\" height=\"854\" srcset=\"http:\/\/przedszkolerodzinne.pl\/wp-content\/uploads\/2020\/05\/O\u015aWIADCZENIE-700x1024.jpg 700w, http:\/\/przedszkolerodzinne.pl\/wp-content\/uploads\/2020\/05\/O\u015aWIADCZENIE-205x300.jpg 205w, http:\/\/przedszkolerodzinne.pl\/wp-content\/uploads\/2020\/05\/O\u015aWIADCZENIE-768x1124.jpg 768w, http:\/\/przedszkolerodzinne.pl\/wp-content\/uploads\/2020\/05\/O\u015aWIADCZENIE.jpg 786w\" sizes=\"auto, (max-width: 584px) 100vw, 584px\" \/><\/a> <a href=\"http:\/\/przedszkolerodzinne.pl\/wp-content\/uploads\/2020\/05\/DEKLARACJA-1.jpg\"><img loading=\"lazy\" decoding=\"async\" class=\"alignnone size-large wp-image-18986\" src=\"http:\/\/przedszkolerodzinne.pl\/wp-content\/uploads\/2020\/05\/DEKLARACJA-1-669x1024.jpg\" alt=\"\" width=\"584\" height=\"894\" srcset=\"http:\/\/przedszkolerodzinne.pl\/wp-content\/uploads\/2020\/05\/DEKLARACJA-1-669x1024.jpg 669w, http:\/\/przedszkolerodzinne.pl\/wp-content\/uploads\/2020\/05\/DEKLARACJA-1-196x300.jpg 196w, http:\/\/przedszkolerodzinne.pl\/wp-content\/uploads\/2020\/05\/DEKLARACJA-1-768x1176.jpg 768w, http:\/\/przedszkolerodzinne.pl\/wp-content\/uploads\/2020\/05\/DEKLARACJA-1.jpg 776w\" sizes=\"auto, (max-width: 584px) 100vw, 584px\" \/><\/a> <a href=\"http:\/\/przedszkolerodzinne.pl\/wp-content\/uploads\/2020\/05\/DEKLARACJA-2.jpg\"><img loading=\"lazy\" decoding=\"async\" class=\"alignnone size-large wp-image-18984\" src=\"http:\/\/przedszkolerodzinne.pl\/wp-content\/uploads\/2020\/05\/DEKLARACJA-2-661x1024.jpg\" alt=\"\" width=\"584\" height=\"905\" srcset=\"http:\/\/przedszkolerodzinne.pl\/wp-content\/uploads\/2020\/05\/DEKLARACJA-2-661x1024.jpg 661w, http:\/\/przedszkolerodzinne.pl\/wp-content\/uploads\/2020\/05\/DEKLARACJA-2-194x300.jpg 194w, http:\/\/przedszkolerodzinne.pl\/wp-content\/uploads\/2020\/05\/DEKLARACJA-2.jpg 768w\" sizes=\"auto, (max-width: 584px) 100vw, 584px\" \/><\/a><\/p>\n","protected":false},"excerpt":{"rendered":"<p>Informujemy, \u017ce od 25 maja 2020 r. do odwo\u0142ania: bezp\u0142atne nauczanie zdalne dla wszystkich wychowank\u00f3w odbywa si\u0119 na dotychczasowych zasadach, p\u0142atne sprawowanie opieki nad dzieckiem dla os\u00f3b spe\u0142niaj\u0105cych kryteria odbywa si\u0119 wg zasad zamieszczonych poni\u017cej. OFERTA OPIEKI NAD DZIECKIEM OD &hellip; <a href=\"http:\/\/przedszkolerodzinne.pl\/?p=18978\">Czytaj dalej <span class=\"meta-nav\">&rarr;<\/span><\/a><\/p>\n","protected":false},"author":1,"featured_media":0,"comment_status":"closed","ping_status":"closed","sticky":false,"template":"","format":"aside","meta":{"footnotes":""},"categories":[1],"tags":[],"class_list":["post-18978","post","type-post","status-publish","format-aside","hentry","category-nowosci","post_format-post-format-aside"],"_links":{"self":[{"href":"http:\/\/przedszkolerodzinne.pl\/index.php?rest_route=\/wp\/v2\/posts\/18978","targetHints":{"allow":["GET"]}}],"collection":[{"href":"http:\/\/przedszkolerodzinne.pl\/index.php?rest_route=\/wp\/v2\/posts"}],"about":[{"href":"http:\/\/przedszkolerodzinne.pl\/index.php?rest_route=\/wp\/v2\/types\/post"}],"author":[{"embeddable":true,"href":"http:\/\/przedszkolerodzinne.pl\/index.php?rest_route=\/wp\/v2\/users\/1"}],"replies":[{"embeddable":true,"href":"http:\/\/przedszkolerodzinne.pl\/index.php?rest_route=%2Fwp%2Fv2%2Fcomments&post=18978"}],"version-history":[{"count":8,"href":"http:\/\/przedszkolerodzinne.pl\/index.php?rest_route=\/wp\/v2\/posts\/18978\/revisions"}],"predecessor-version":[{"id":18989,"href":"http:\/\/przedszkolerodzinne.pl\/index.php?rest_route=\/wp\/v2\/posts\/18978\/revisions\/18989"}],"wp:attachment":[{"href":"http:\/\/przedszkolerodzinne.pl\/index.php?rest_route=%2Fwp%2Fv2%2Fmedia&parent=18978"}],"wp:term":[{"taxonomy":"category","embeddable":true,"href":"http:\/\/przedszkolerodzinne.pl\/index.php?rest_route=%2Fwp%2Fv2%2Fcategories&post=18978"},{"taxonomy":"post_tag","embeddable":true,"href":"http:\/\/przedszkolerodzinne.pl\/index.php?rest_route=%2Fwp%2Fv2%2Ftags&post=18978"}],"curies":[{"name":"wp","href":"https:\/\/api.w.org\/{rel}","templated":true}]}}