{"id":17473,"date":"2020-03-11T11:43:26","date_gmt":"2020-03-11T10:43:26","guid":{"rendered":"http:\/\/przedszkolerodzinne.pl\/?p=17473"},"modified":"2020-03-11T12:45:41","modified_gmt":"2020-03-11T11:45:41","slug":"zawieszenie-zajec","status":"publish","type":"post","link":"http:\/\/przedszkolerodzinne.pl\/?p=17473","title":{"rendered":"zawieszenie ZAJ\u0118\u0106"},"content":{"rendered":"<p style=\"text-align: center;\"><strong><span style=\"color: #ff0000;\">UWAGA !!!<\/span><\/strong><\/p>\n<p style=\"text-align: center;\"><strong><span style=\"color: #ff0000;\">MINISTER EDUKACJI NARODOWEJ W DNIU 11.03.2020 r. PODJ\u0104\u0141 DECYZJ\u0118 O TYMCZASOWYM ZAWIESZENIU ZAJ\u0118\u0106 DYDAKTYCZNO-WYCHOWAWCZYCH W PRZEDSZKOLACH, SZKO\u0141ACH I PLAC\u00d3WKACH O\u015aWIATOWYCH <span style=\"text-decoration: underline;\">od 12 do 25 marca 2020 r.<\/span><\/span><\/strong><\/p>\n<p style=\"text-align: center;\"><strong><span style=\"color: #ff0000;\">Oznacza to, \u017ce w tym okresie przedszkola, szko\u0142y i plac\u00f3wki o\u015bwiatowe zar\u00f3wno publiczne, jak i niepubliczne nie b\u0119d\u0105 prowadzi\u0142y zaj\u0119\u0107 dydaktyczno-wychowawczych. To decyzja Ministra Edukacji Narodowej wynikaj\u0105ca z konieczno\u015bci zapobiegania rozprzestrzenianiu si\u0119 koronawirusa.<\/span><\/strong><\/p>\n<p style=\"text-align: center;\"><strong><span style=\"color: #ff0000;\"><a style=\"color: #ff0000;\" href=\"https:\/\/www.gov.pl\/web\/edukacja\/zawieszenie-zajec-w-szkolach\">https:\/\/www.gov.pl\/web\/edukacja\/zawieszenie-zajec-w-szkolach<\/a><\/span><\/strong><\/p>\n<p style=\"text-align: center;\"><strong><span style=\"color: #ff0000;\">tel. kontaktowy do Plac\u00f3wki 695-080-009<\/span><\/strong><\/p>\n<p>&nbsp;<\/p>\n","protected":false},"excerpt":{"rendered":"<p>UWAGA !!! MINISTER EDUKACJI NARODOWEJ W DNIU 11.03.2020 r. PODJ\u0104\u0141 DECYZJ\u0118 O TYMCZASOWYM ZAWIESZENIU ZAJ\u0118\u0106 DYDAKTYCZNO-WYCHOWAWCZYCH W PRZEDSZKOLACH, SZKO\u0141ACH I PLAC\u00d3WKACH O\u015aWIATOWYCH od 12 do 25 marca 2020 r. Oznacza to, \u017ce w tym okresie przedszkola, szko\u0142y i plac\u00f3wki o\u015bwiatowe &hellip; <a href=\"http:\/\/przedszkolerodzinne.pl\/?p=17473\">Czytaj dalej <span class=\"meta-nav\">&rarr;<\/span><\/a><\/p>\n","protected":false},"author":1,"featured_media":0,"comment_status":"closed","ping_status":"closed","sticky":false,"template":"","format":"aside","meta":{"footnotes":""},"categories":[1],"tags":[],"class_list":["post-17473","post","type-post","status-publish","format-aside","hentry","category-nowosci","post_format-post-format-aside"],"_links":{"self":[{"href":"http:\/\/przedszkolerodzinne.pl\/index.php?rest_route=\/wp\/v2\/posts\/17473","targetHints":{"allow":["GET"]}}],"collection":[{"href":"http:\/\/przedszkolerodzinne.pl\/index.php?rest_route=\/wp\/v2\/posts"}],"about":[{"href":"http:\/\/przedszkolerodzinne.pl\/index.php?rest_route=\/wp\/v2\/types\/post"}],"author":[{"embeddable":true,"href":"http:\/\/przedszkolerodzinne.pl\/index.php?rest_route=\/wp\/v2\/users\/1"}],"replies":[{"embeddable":true,"href":"http:\/\/przedszkolerodzinne.pl\/index.php?rest_route=%2Fwp%2Fv2%2Fcomments&post=17473"}],"version-history":[{"count":11,"href":"http:\/\/przedszkolerodzinne.pl\/index.php?rest_route=\/wp\/v2\/posts\/17473\/revisions"}],"predecessor-version":[{"id":17484,"href":"http:\/\/przedszkolerodzinne.pl\/index.php?rest_route=\/wp\/v2\/posts\/17473\/revisions\/17484"}],"wp:attachment":[{"href":"http:\/\/przedszkolerodzinne.pl\/index.php?rest_route=%2Fwp%2Fv2%2Fmedia&parent=17473"}],"wp:term":[{"taxonomy":"category","embeddable":true,"href":"http:\/\/przedszkolerodzinne.pl\/index.php?rest_route=%2Fwp%2Fv2%2Fcategories&post=17473"},{"taxonomy":"post_tag","embeddable":true,"href":"http:\/\/przedszkolerodzinne.pl\/index.php?rest_route=%2Fwp%2Fv2%2Ftags&post=17473"}],"curies":[{"name":"wp","href":"https:\/\/api.w.org\/{rel}","templated":true}]}}