{"id":17305,"date":"2020-01-15T15:35:21","date_gmt":"2020-01-15T14:35:21","guid":{"rendered":"http:\/\/przedszkolerodzinne.pl\/?p=17305"},"modified":"2020-01-22T09:17:29","modified_gmt":"2020-01-22T08:17:29","slug":"podziekowania-w-akcji-zoledzie","status":"publish","type":"post","link":"http:\/\/przedszkolerodzinne.pl\/?p=17305","title":{"rendered":"podzi\u0119kowania w akcji \u017co\u0142\u0119dzie"},"content":{"rendered":"<p>Nasze Przedszkole otrzyma\u0142o Z\u0141OTY DYPLOM za udzia\u0142 w akcji zbierania \u017co\u0142\u0119dzi dla bia\u0142ostockiego ZOO Akcent.<img loading=\"lazy\" decoding=\"async\" class=\"alignnone size-large wp-image-17306\" src=\"http:\/\/przedszkolerodzinne.pl\/wp-content\/uploads\/2020\/01\/dyplom-zoledzie-2020-m-724x1024.jpg\" alt=\"\" width=\"584\" height=\"826\" srcset=\"http:\/\/przedszkolerodzinne.pl\/wp-content\/uploads\/2020\/01\/dyplom-zoledzie-2020-m-724x1024.jpg 724w, http:\/\/przedszkolerodzinne.pl\/wp-content\/uploads\/2020\/01\/dyplom-zoledzie-2020-m-212x300.jpg 212w, http:\/\/przedszkolerodzinne.pl\/wp-content\/uploads\/2020\/01\/dyplom-zoledzie-2020-m-768x1086.jpg 768w, http:\/\/przedszkolerodzinne.pl\/wp-content\/uploads\/2020\/01\/dyplom-zoledzie-2020-m.jpg 827w\" sizes=\"auto, (max-width: 584px) 100vw, 584px\" \/><\/p>\n","protected":false},"excerpt":{"rendered":"<p>Nasze Przedszkole otrzyma\u0142o Z\u0141OTY DYPLOM za udzia\u0142 w akcji zbierania \u017co\u0142\u0119dzi dla bia\u0142ostockiego ZOO Akcent.<\/p>\n","protected":false},"author":1,"featured_media":0,"comment_status":"closed","ping_status":"closed","sticky":false,"template":"","format":"aside","meta":{"footnotes":""},"categories":[1],"tags":[],"class_list":["post-17305","post","type-post","status-publish","format-aside","hentry","category-nowosci","post_format-post-format-aside"],"_links":{"self":[{"href":"http:\/\/przedszkolerodzinne.pl\/index.php?rest_route=\/wp\/v2\/posts\/17305","targetHints":{"allow":["GET"]}}],"collection":[{"href":"http:\/\/przedszkolerodzinne.pl\/index.php?rest_route=\/wp\/v2\/posts"}],"about":[{"href":"http:\/\/przedszkolerodzinne.pl\/index.php?rest_route=\/wp\/v2\/types\/post"}],"author":[{"embeddable":true,"href":"http:\/\/przedszkolerodzinne.pl\/index.php?rest_route=\/wp\/v2\/users\/1"}],"replies":[{"embeddable":true,"href":"http:\/\/przedszkolerodzinne.pl\/index.php?rest_route=%2Fwp%2Fv2%2Fcomments&post=17305"}],"version-history":[{"count":3,"href":"http:\/\/przedszkolerodzinne.pl\/index.php?rest_route=\/wp\/v2\/posts\/17305\/revisions"}],"predecessor-version":[{"id":17352,"href":"http:\/\/przedszkolerodzinne.pl\/index.php?rest_route=\/wp\/v2\/posts\/17305\/revisions\/17352"}],"wp:attachment":[{"href":"http:\/\/przedszkolerodzinne.pl\/index.php?rest_route=%2Fwp%2Fv2%2Fmedia&parent=17305"}],"wp:term":[{"taxonomy":"category","embeddable":true,"href":"http:\/\/przedszkolerodzinne.pl\/index.php?rest_route=%2Fwp%2Fv2%2Fcategories&post=17305"},{"taxonomy":"post_tag","embeddable":true,"href":"http:\/\/przedszkolerodzinne.pl\/index.php?rest_route=%2Fwp%2Fv2%2Ftags&post=17305"}],"curies":[{"name":"wp","href":"https:\/\/api.w.org\/{rel}","templated":true}]}}