{"id":17298,"date":"2020-01-21T15:44:12","date_gmt":"2020-01-21T14:44:12","guid":{"rendered":"http:\/\/przedszkolerodzinne.pl\/?p=17298"},"modified":"2020-01-22T09:17:20","modified_gmt":"2020-01-22T08:17:20","slug":"dzien-babci-i-dziadka-2020-r","status":"publish","type":"post","link":"http:\/\/przedszkolerodzinne.pl\/?p=17298","title":{"rendered":"Dzie\u0144 Babci i Dziadka 2020 r."},"content":{"rendered":"<p style=\"text-align: center;\"><span style=\"color: #ff0000;\">W Przedszkolu odb\u0119d\u0105 si\u0119 <strong>uroczysto\u015bci z okazji Dnia Babci i Dziadka<\/strong>. Zapraszamy serdecznie wszystkie babcie i dziadk\u00f3w do wsp\u00f3lnej zabawy, kt\u00f3ra b\u0119dzie trwa\u0142a godzin\u0119 zegarow\u0105.<\/span><\/p>\n<p style=\"text-align: center;\"><span style=\"color: #ff0000;\">Oddzia\u0142 BABY BEETLES<strong>\u00a0&#8211; 22.01.2019 r. godz. 13:30<\/strong><\/span><\/p>\n<p style=\"text-align: center;\"><span style=\"color: #ff0000;\">Oddzia\u0142\u00a0<\/span><span style=\"color: #ff0000;\">TOM and KERI<\/span><strong style=\"color: #ff0000;\">\u00a0&#8211; 06.02.2019 r. godz. 13:30 <\/strong><\/p>\n<p style=\"text-align: center;\"><span style=\"color: #ff0000;\"><em>Impreza bez udzia\u0142u rodzic\u00f3w !<\/em><\/span><\/p>\n","protected":false},"excerpt":{"rendered":"<p>W Przedszkolu odb\u0119d\u0105 si\u0119 uroczysto\u015bci z okazji Dnia Babci i Dziadka. Zapraszamy serdecznie wszystkie babcie i dziadk\u00f3w do wsp\u00f3lnej zabawy, kt\u00f3ra b\u0119dzie trwa\u0142a godzin\u0119 zegarow\u0105. Oddzia\u0142 BABY BEETLES\u00a0&#8211; 22.01.2019 r. godz. 13:30 Oddzia\u0142\u00a0TOM and KERI\u00a0&#8211; 06.02.2019 r. godz. 13:30 Impreza &hellip; <a href=\"http:\/\/przedszkolerodzinne.pl\/?p=17298\">Czytaj dalej <span class=\"meta-nav\">&rarr;<\/span><\/a><\/p>\n","protected":false},"author":1,"featured_media":0,"comment_status":"closed","ping_status":"closed","sticky":false,"template":"","format":"aside","meta":{"footnotes":""},"categories":[1],"tags":[],"class_list":["post-17298","post","type-post","status-publish","format-aside","hentry","category-nowosci","post_format-post-format-aside"],"_links":{"self":[{"href":"http:\/\/przedszkolerodzinne.pl\/index.php?rest_route=\/wp\/v2\/posts\/17298","targetHints":{"allow":["GET"]}}],"collection":[{"href":"http:\/\/przedszkolerodzinne.pl\/index.php?rest_route=\/wp\/v2\/posts"}],"about":[{"href":"http:\/\/przedszkolerodzinne.pl\/index.php?rest_route=\/wp\/v2\/types\/post"}],"author":[{"embeddable":true,"href":"http:\/\/przedszkolerodzinne.pl\/index.php?rest_route=\/wp\/v2\/users\/1"}],"replies":[{"embeddable":true,"href":"http:\/\/przedszkolerodzinne.pl\/index.php?rest_route=%2Fwp%2Fv2%2Fcomments&post=17298"}],"version-history":[{"count":4,"href":"http:\/\/przedszkolerodzinne.pl\/index.php?rest_route=\/wp\/v2\/posts\/17298\/revisions"}],"predecessor-version":[{"id":17351,"href":"http:\/\/przedszkolerodzinne.pl\/index.php?rest_route=\/wp\/v2\/posts\/17298\/revisions\/17351"}],"wp:attachment":[{"href":"http:\/\/przedszkolerodzinne.pl\/index.php?rest_route=%2Fwp%2Fv2%2Fmedia&parent=17298"}],"wp:term":[{"taxonomy":"category","embeddable":true,"href":"http:\/\/przedszkolerodzinne.pl\/index.php?rest_route=%2Fwp%2Fv2%2Fcategories&post=17298"},{"taxonomy":"post_tag","embeddable":true,"href":"http:\/\/przedszkolerodzinne.pl\/index.php?rest_route=%2Fwp%2Fv2%2Ftags&post=17298"}],"curies":[{"name":"wp","href":"https:\/\/api.w.org\/{rel}","templated":true}]}}