{"id":17214,"date":"2019-12-07T16:13:13","date_gmt":"2019-12-07T15:13:13","guid":{"rendered":"http:\/\/przedszkolerodzinne.pl\/?p=17214"},"modified":"2019-12-10T13:14:47","modified_gmt":"2019-12-10T12:14:47","slug":"swiateczne-warsztaty-dla-rodzicow","status":"publish","type":"post","link":"http:\/\/przedszkolerodzinne.pl\/?p=17214","title":{"rendered":"\u015awi\u0105teczne Warsztaty dla Rodzic\u00f3w"},"content":{"rendered":"<p style=\"text-align: center;\"><span style=\"color: #ff0000;\"><em>Serdecznie zapraszamy wszystkich rodzic\u00f3w z obu grup przedszkolnych na <strong>warsztaty \u015bwi\u0105teczne dla RODZIC\u00d3W Z DZIE\u0106MI<\/strong>, kt\u00f3re odb\u0119d\u0105 si\u0119 17.12.2019 r. (wtorek) w godzinach 15:00-17:00.<\/em><\/span><br \/>\n<span style=\"color: #ff0000;\"><em>Podczas zaj\u0119\u0107 wykonywane b\u0119d\u0105 ozdoby choinkowe i dekoracje \u015bwi\u0105teczne.<\/em><\/span><br \/>\n<span style=\"color: #ff0000;\"><em>W klimat \u015awi\u0105t Bo\u017ce Narodzenia wprowadz\u0105 nas piosenki i kol\u0119dy.<\/em><\/span><\/p>\n<p style=\"text-align: center;\"><span style=\"color: #ff0000;\"><em><img loading=\"lazy\" decoding=\"async\" class=\"wp-image-508 alignleft\" src=\"http:\/\/przedszkolerodzinne.pl\/wp-content\/uploads\/2012\/03\/miko\u0142aj.jpg\" alt=\"\" width=\"288\" height=\"127\" \/><\/em><\/span><\/p>\n<p style=\"text-align: center;\"><span style=\"color: #ff0000;\"><em>Liczba rodzic\u00f3w na zaj\u0119ciach jest ograniczona (maksymalnie do 15 os\u00f3b z obu grup). Decyduje kolejno\u015b\u0107 zapis\u00f3w na zaj\u0119cia u wychowawc\u00f3w obu grup do 12.12.2019 r. (wtorek).<\/em><\/span><\/p>\n","protected":false},"excerpt":{"rendered":"<p>Serdecznie zapraszamy wszystkich rodzic\u00f3w z obu grup przedszkolnych na warsztaty \u015bwi\u0105teczne dla RODZIC\u00d3W Z DZIE\u0106MI, kt\u00f3re odb\u0119d\u0105 si\u0119 17.12.2019 r. (wtorek) w godzinach 15:00-17:00. Podczas zaj\u0119\u0107 wykonywane b\u0119d\u0105 ozdoby choinkowe i dekoracje \u015bwi\u0105teczne. W klimat \u015awi\u0105t Bo\u017ce Narodzenia wprowadz\u0105 nas &hellip; <a href=\"http:\/\/przedszkolerodzinne.pl\/?p=17214\">Czytaj dalej <span class=\"meta-nav\">&rarr;<\/span><\/a><\/p>\n","protected":false},"author":1,"featured_media":0,"comment_status":"closed","ping_status":"closed","sticky":false,"template":"","format":"aside","meta":{"footnotes":""},"categories":[1],"tags":[],"class_list":["post-17214","post","type-post","status-publish","format-aside","hentry","category-nowosci","post_format-post-format-aside"],"_links":{"self":[{"href":"http:\/\/przedszkolerodzinne.pl\/index.php?rest_route=\/wp\/v2\/posts\/17214","targetHints":{"allow":["GET"]}}],"collection":[{"href":"http:\/\/przedszkolerodzinne.pl\/index.php?rest_route=\/wp\/v2\/posts"}],"about":[{"href":"http:\/\/przedszkolerodzinne.pl\/index.php?rest_route=\/wp\/v2\/types\/post"}],"author":[{"embeddable":true,"href":"http:\/\/przedszkolerodzinne.pl\/index.php?rest_route=\/wp\/v2\/users\/1"}],"replies":[{"embeddable":true,"href":"http:\/\/przedszkolerodzinne.pl\/index.php?rest_route=%2Fwp%2Fv2%2Fcomments&post=17214"}],"version-history":[{"count":2,"href":"http:\/\/przedszkolerodzinne.pl\/index.php?rest_route=\/wp\/v2\/posts\/17214\/revisions"}],"predecessor-version":[{"id":17219,"href":"http:\/\/przedszkolerodzinne.pl\/index.php?rest_route=\/wp\/v2\/posts\/17214\/revisions\/17219"}],"wp:attachment":[{"href":"http:\/\/przedszkolerodzinne.pl\/index.php?rest_route=%2Fwp%2Fv2%2Fmedia&parent=17214"}],"wp:term":[{"taxonomy":"category","embeddable":true,"href":"http:\/\/przedszkolerodzinne.pl\/index.php?rest_route=%2Fwp%2Fv2%2Fcategories&post=17214"},{"taxonomy":"post_tag","embeddable":true,"href":"http:\/\/przedszkolerodzinne.pl\/index.php?rest_route=%2Fwp%2Fv2%2Ftags&post=17214"}],"curies":[{"name":"wp","href":"https:\/\/api.w.org\/{rel}","templated":true}]}}