{"id":17150,"date":"2019-11-21T11:44:07","date_gmt":"2019-11-21T10:44:07","guid":{"rendered":"http:\/\/przedszkolerodzinne.pl\/?p=17150"},"modified":"2019-11-21T11:46:06","modified_gmt":"2019-11-21T10:46:06","slug":"teatr-magik","status":"publish","type":"post","link":"http:\/\/przedszkolerodzinne.pl\/?p=17150","title":{"rendered":"teatr MAGIK"},"content":{"rendered":"<p align=\"CENTER\"><span style=\"font-size: 100%;\"><b>Do Przedszkola przyje\u017cd\u017ca Teatr Profilaktyczny Edukacja i Animacja MAGIK <\/b><\/span><\/p>\n<p align=\"CENTER\"><span style=\"font-size: x-large;\"><b><u>przedstawienie pt.<\/u> <span style=\"color: #ff00cc;\">\ud83d\ude42<\/span><\/b><\/span><\/p>\n<p align=\"CENTER\"><span style=\"color: #330099;\">\u201e<span style=\"font-size: 150%;\"><b>KALOSZE SZCZ\u0118\u015aCIA\u201d<\/b><\/span><\/span><\/p>\n<p align=\"CENTER\"><span style=\"color: #ff420e;\"><span style=\"font-size: 150%;\"><b>odb\u0119dzie si\u0119 27.11.2019 r. (\u015broda) <\/b><\/span><\/span><\/p>\n<p align=\"CENTER\"><span style=\"font-size: 100%;\"><b><span style=\"color: #ff420e;\">godz 13.00 <\/span><span style=\"color: #ff66cc;\"> \ud83d\ude42<\/span><\/b><\/span><\/p>\n","protected":false},"excerpt":{"rendered":"<p>Do Przedszkola przyje\u017cd\u017ca Teatr Profilaktyczny Edukacja i Animacja MAGIK przedstawienie pt. \ud83d\ude42 \u201eKALOSZE SZCZ\u0118\u015aCIA\u201d odb\u0119dzie si\u0119 27.11.2019 r. (\u015broda) godz 13.00 \ud83d\ude42<\/p>\n","protected":false},"author":1,"featured_media":0,"comment_status":"closed","ping_status":"closed","sticky":false,"template":"","format":"aside","meta":{"footnotes":""},"categories":[1],"tags":[],"class_list":["post-17150","post","type-post","status-publish","format-aside","hentry","category-nowosci","post_format-post-format-aside"],"_links":{"self":[{"href":"http:\/\/przedszkolerodzinne.pl\/index.php?rest_route=\/wp\/v2\/posts\/17150","targetHints":{"allow":["GET"]}}],"collection":[{"href":"http:\/\/przedszkolerodzinne.pl\/index.php?rest_route=\/wp\/v2\/posts"}],"about":[{"href":"http:\/\/przedszkolerodzinne.pl\/index.php?rest_route=\/wp\/v2\/types\/post"}],"author":[{"embeddable":true,"href":"http:\/\/przedszkolerodzinne.pl\/index.php?rest_route=\/wp\/v2\/users\/1"}],"replies":[{"embeddable":true,"href":"http:\/\/przedszkolerodzinne.pl\/index.php?rest_route=%2Fwp%2Fv2%2Fcomments&post=17150"}],"version-history":[{"count":4,"href":"http:\/\/przedszkolerodzinne.pl\/index.php?rest_route=\/wp\/v2\/posts\/17150\/revisions"}],"predecessor-version":[{"id":17154,"href":"http:\/\/przedszkolerodzinne.pl\/index.php?rest_route=\/wp\/v2\/posts\/17150\/revisions\/17154"}],"wp:attachment":[{"href":"http:\/\/przedszkolerodzinne.pl\/index.php?rest_route=%2Fwp%2Fv2%2Fmedia&parent=17150"}],"wp:term":[{"taxonomy":"category","embeddable":true,"href":"http:\/\/przedszkolerodzinne.pl\/index.php?rest_route=%2Fwp%2Fv2%2Fcategories&post=17150"},{"taxonomy":"post_tag","embeddable":true,"href":"http:\/\/przedszkolerodzinne.pl\/index.php?rest_route=%2Fwp%2Fv2%2Ftags&post=17150"}],"curies":[{"name":"wp","href":"https:\/\/api.w.org\/{rel}","templated":true}]}}