{"id":11591,"date":"2026-04-01T08:30:00","date_gmt":"2026-04-01T06:30:00","guid":{"rendered":"http:\/\/przedszkolerodzinne.pl\/?p=11591"},"modified":"2026-04-03T20:58:58","modified_gmt":"2026-04-03T18:58:58","slug":"zyczenia-wielkanocne","status":"publish","type":"post","link":"http:\/\/przedszkolerodzinne.pl\/?p=11591","title":{"rendered":"\u017cyczenia wielkanocne"},"content":{"rendered":"<p style=\"text-align: center;\"><em><span style=\"color: #f28305;\"><strong>Zdrowych, pogodnych \u015awi\u0105t Wielkanocnych, pe\u0142nych nadziei i mi\u0142o\u015bci oraz serdecznych spotka\u0144 w gronie rodziny<\/strong><\/span><\/em><\/p>\n<p style=\"text-align: center;\"><span style=\"color: #008000;\"><em><strong>\u017cycz\u0105<\/strong><\/em><\/span><\/p>\n<p style=\"text-align: center;\"><span style=\"color: #ffcc00;\"><em><strong> Nauczycielki, personel administracyjny oraz Dyrektor<\/strong><\/em><\/span><\/p>\n<p style=\"text-align: center;\"><span style=\"color: #ff0000;\"><em><strong>Niepublicznego Przedszkola Rodzinnego<\/strong><\/em><\/span><\/p>\n<p><img loading=\"lazy\" decoding=\"async\" class=\"alignnone size-full wp-image-11592\" src=\"http:\/\/przedszkolerodzinne.pl\/wp-content\/uploads\/2017\/04\/\u017cyczenia-wielkanocne.png\" alt=\"\" width=\"1000\" height=\"614\" srcset=\"http:\/\/przedszkolerodzinne.pl\/wp-content\/uploads\/2017\/04\/\u017cyczenia-wielkanocne.png 1000w, http:\/\/przedszkolerodzinne.pl\/wp-content\/uploads\/2017\/04\/\u017cyczenia-wielkanocne-300x184.png 300w, http:\/\/przedszkolerodzinne.pl\/wp-content\/uploads\/2017\/04\/\u017cyczenia-wielkanocne-768x472.png 768w, http:\/\/przedszkolerodzinne.pl\/wp-content\/uploads\/2017\/04\/\u017cyczenia-wielkanocne-489x300.png 489w\" sizes=\"auto, (max-width: 1000px) 100vw, 1000px\" \/><\/p>\n<p style=\"text-align: right;\"><strong><a href=\"http:\/\/przedszkolerodzinne.pl\/wp-content\/uploads\/2017\/04\/Pisanka.pdf\">Praca domowa dla ch\u0119tnych do wydrukowania tutaj&#8230;<\/a><\/strong><\/p>\n","protected":false},"excerpt":{"rendered":"<p>Zdrowych, pogodnych \u015awi\u0105t Wielkanocnych, pe\u0142nych nadziei i mi\u0142o\u015bci oraz serdecznych spotka\u0144 w gronie rodziny \u017cycz\u0105 Nauczycielki, personel administracyjny oraz Dyrektor Niepublicznego Przedszkola Rodzinnego Praca domowa dla ch\u0119tnych do wydrukowania tutaj&#8230;<\/p>\n","protected":false},"author":1,"featured_media":0,"comment_status":"closed","ping_status":"closed","sticky":false,"template":"","format":"aside","meta":{"footnotes":""},"categories":[1],"tags":[],"class_list":["post-11591","post","type-post","status-publish","format-aside","hentry","category-nowosci","post_format-post-format-aside"],"_links":{"self":[{"href":"http:\/\/przedszkolerodzinne.pl\/index.php?rest_route=\/wp\/v2\/posts\/11591","targetHints":{"allow":["GET"]}}],"collection":[{"href":"http:\/\/przedszkolerodzinne.pl\/index.php?rest_route=\/wp\/v2\/posts"}],"about":[{"href":"http:\/\/przedszkolerodzinne.pl\/index.php?rest_route=\/wp\/v2\/types\/post"}],"author":[{"embeddable":true,"href":"http:\/\/przedszkolerodzinne.pl\/index.php?rest_route=\/wp\/v2\/users\/1"}],"replies":[{"embeddable":true,"href":"http:\/\/przedszkolerodzinne.pl\/index.php?rest_route=%2Fwp%2Fv2%2Fcomments&post=11591"}],"version-history":[{"count":5,"href":"http:\/\/przedszkolerodzinne.pl\/index.php?rest_route=\/wp\/v2\/posts\/11591\/revisions"}],"predecessor-version":[{"id":40098,"href":"http:\/\/przedszkolerodzinne.pl\/index.php?rest_route=\/wp\/v2\/posts\/11591\/revisions\/40098"}],"wp:attachment":[{"href":"http:\/\/przedszkolerodzinne.pl\/index.php?rest_route=%2Fwp%2Fv2%2Fmedia&parent=11591"}],"wp:term":[{"taxonomy":"category","embeddable":true,"href":"http:\/\/przedszkolerodzinne.pl\/index.php?rest_route=%2Fwp%2Fv2%2Fcategories&post=11591"},{"taxonomy":"post_tag","embeddable":true,"href":"http:\/\/przedszkolerodzinne.pl\/index.php?rest_route=%2Fwp%2Fv2%2Ftags&post=11591"}],"curies":[{"name":"wp","href":"https:\/\/api.w.org\/{rel}","templated":true}]}}